{"id":16461,"date":"2014-04-04T15:01:29","date_gmt":"2014-04-04T18:01:29","guid":{"rendered":"http:\/\/cordobatimes.com\/showup\/?p=16461"},"modified":"2020-01-04T10:09:24","modified_gmt":"2020-01-04T13:09:24","slug":"andrea-del-boca-debera-cerrar-su-productora-en-mayo","status":"publish","type":"post","link":"https:\/\/www.cordobatimes.com\/showup\/famosos\/2014\/04\/04\/andrea-del-boca-debera-cerrar-su-productora-en-mayo\/","title":{"rendered":"Andrea Del Boca deber\u00e1 cerrar su productora en Mayo"},"content":{"rendered":"<h3 style=\"text-align: justify;\"><strong>La actriz tendr\u00e1 que dar de baja uno de sus proyectos m\u00e1s importantes de los que forma parte. Todos los detalles, en esta nota.\u00a0<\/strong><\/h3>\n<p style=\"text-align: justify;\">La productora \u00abA+A Group SRL\u00bb fue fundada para la realizaci\u00f3n de la novela \u00abEsa Mujer\u00bb en La televisi\u00f3n P\u00fablica. Luego y gracias a un acuerdo con la UNSAM (Universidad Nacional de San Mart\u00edn) y RTA (Radio y Televisi\u00f3n Abierta sociedad del Estado) logr\u00f3 el cr\u00e9dito de 36 millones para la realizaci\u00f3n de la historia que debut\u00f3 en el canal p\u00fablico.<\/p>\n<p style=\"text-align: justify;\">Por estas horas, todas las escenas fueron finalmente grabadas y se encuentra en proceso de post producci\u00f3n los \u00faltimos cap\u00edtulos mientras la tira est\u00e1 al aire.<\/p>\n<p style=\"text-align: justify;\">Sin embargo, la idea empresaria era continuar con otra historia para cumplir el objetivo de reestablecer la producci\u00f3n de ficciones en la Tele P\u00fablica. En las \u00faltimas horas comunicaron oficialmente a sus productores y t\u00e9cnicos que la empresa se desintegrar\u00eda hasta la realizaci\u00f3n de un nuevo proyecto.<\/p>\n","protected":false},"excerpt":{"rendered":"<p>La actriz tendr\u00e1 que dar de baja uno de sus proyectos m\u00e1s importantes de los que forma parte. Todos los detalles, en esta nota.\u00a0 La productora \u00abA+A Group SRL\u00bb fue fundada para la realizaci\u00f3n de la novela \u00abEsa Mujer\u00bb en La televisi\u00f3n P\u00fablica. Luego y gracias a un acuerdo con la UNSAM (Universidad Nacional de [&hellip;]<\/p>\n","protected":false},"author":9,"featured_media":16462,"comment_status":"closed","ping_status":"closed","sticky":false,"template":"","format":"standard","meta":{"_seopress_robots_primary_cat":"","_seopress_titles_title":"","_seopress_titles_desc":"","_seopress_robots_index":"","footnotes":""},"categories":[4],"tags":[27722,27724,27723],"class_list":{"0":"post-16461","1":"post","2":"type-post","3":"status-publish","4":"format-standard","5":"has-post-thumbnail","7":"category-famosos","8":"tag-andrea-del-boca-debera-cerrar-su-productora","9":"tag-productora-aa-group-srl-de-andrea-del-boca","10":"tag-productora-de-andrea-del-boca"},"_links":{"self":[{"href":"https:\/\/www.cordobatimes.com\/showup\/wp-json\/wp\/v2\/posts\/16461","targetHints":{"allow":["GET"]}}],"collection":[{"href":"https:\/\/www.cordobatimes.com\/showup\/wp-json\/wp\/v2\/posts"}],"about":[{"href":"https:\/\/www.cordobatimes.com\/showup\/wp-json\/wp\/v2\/types\/post"}],"author":[{"embeddable":true,"href":"https:\/\/www.cordobatimes.com\/showup\/wp-json\/wp\/v2\/users\/9"}],"replies":[{"embeddable":true,"href":"https:\/\/www.cordobatimes.com\/showup\/wp-json\/wp\/v2\/comments?post=16461"}],"version-history":[{"count":0,"href":"https:\/\/www.cordobatimes.com\/showup\/wp-json\/wp\/v2\/posts\/16461\/revisions"}],"wp:featuredmedia":[{"embeddable":true,"href":"https:\/\/www.cordobatimes.com\/showup\/wp-json\/wp\/v2\/media\/16462"}],"wp:attachment":[{"href":"https:\/\/www.cordobatimes.com\/showup\/wp-json\/wp\/v2\/media?parent=16461"}],"wp:term":[{"taxonomy":"category","embeddable":true,"href":"https:\/\/www.cordobatimes.com\/showup\/wp-json\/wp\/v2\/categories?post=16461"},{"taxonomy":"post_tag","embeddable":true,"href":"https:\/\/www.cordobatimes.com\/showup\/wp-json\/wp\/v2\/tags?post=16461"}],"curies":[{"name":"wp","href":"https:\/\/api.w.org\/{rel}","templated":true}]}}