{"id":16380,"date":"2014-04-03T16:07:01","date_gmt":"2014-04-03T19:07:01","guid":{"rendered":"http:\/\/cordobatimes.com\/showup\/?p=16380"},"modified":"2020-01-04T13:39:41","modified_gmt":"2020-01-04T16:39:41","slug":"mariano-iudica-rompio-el-silencio-video","status":"publish","type":"post","link":"https:\/\/www.cordobatimes.com\/showup\/tv\/2014\/04\/03\/mariano-iudica-rompio-el-silencio-video\/","title":{"rendered":"Mariano I\u00fadica rompi\u00f3 el silencio (Video)"},"content":{"rendered":"<h3 style=\"text-align: justify;\"><b>El conductor y actor se sent\u00f3 en el estudio de Intrusos y cont\u00f3 toda la verdad sobre su desvinculaci\u00f3n con Ideas del Sur. No te pierdas esta nota.\u00a0<\/b><\/h3>\n<p style=\"text-align: justify;\">I\u00fadica afirm\u00f3: \u00a0\u00abEstoy enojado con el Chato Prada porque me bajo de la obra. A Marcelo yo lo eximo de eso porque si se va una persona valiosa te enojarias\u00bb.<\/p>\n<p style=\"text-align: justify;\">El ya ex conductor de \u00abLa cocina del Show\u00bb cont\u00f3 que no s\u00f3lo no estar\u00e1 en ning\u00fan programa de la productora \u00abIdeas del Sur\u00bb sino que adem\u00e1s se lo hab\u00eda sacado de \u00abMansi\u00f3n Imposible\u00bb.<\/p>\n<p style=\"text-align: justify;\">Tal y como te inform\u00f3 Show Up, Diego P\u00e9rez ser\u00e1 qui\u00e9n lo reemplazar\u00e1 en la obra teatral que comenzar\u00e1 su gira nacional en Carlos Paz en Semana Santa.<\/p>\n<p style=\"text-align: justify;\">\u00abMarcelo me hizo una oferta imposible de decir que no, y cuando yo le dije `Me voy\u00b4 fue cuando \u00e9l estall\u00f3\u00bb.<\/p>\n<p style=\"text-align: justify;\">Pero no te cuento m\u00e1s, miralo y sac\u00e1 tus propias conclusiones.<\/p>\n<p><iframe loading=\"lazy\" src=\"\/\/www.youtube.com\/embed\/CRig8I6aixg\" width=\"420\" height=\"315\" frameborder=\"0\" allowfullscreen=\"allowfullscreen\"><\/iframe><\/p>\n","protected":false},"excerpt":{"rendered":"<p>El conductor y actor se sent\u00f3 en el estudio de Intrusos y cont\u00f3 toda la verdad sobre su desvinculaci\u00f3n con Ideas del Sur. No te pierdas esta nota.\u00a0 I\u00fadica afirm\u00f3: \u00a0\u00abEstoy enojado con el Chato Prada porque me bajo de la obra. A Marcelo yo lo eximo de eso porque si se va una persona [&hellip;]<\/p>\n","protected":false},"author":9,"featured_media":16381,"comment_status":"closed","ping_status":"closed","sticky":false,"template":"","format":"standard","meta":{"_seopress_robots_primary_cat":"","_seopress_titles_title":"","_seopress_titles_desc":"","_seopress_robots_index":"","footnotes":""},"categories":[2],"tags":[27745,27746],"class_list":{"0":"post-16380","1":"post","2":"type-post","3":"status-publish","4":"format-standard","5":"has-post-thumbnail","7":"category-tv","8":"tag-mariano-iudica-desvinculacion-con-ideas-del-sur","9":"tag-mariano-iudica-marcelo-tinelli"},"_links":{"self":[{"href":"https:\/\/www.cordobatimes.com\/showup\/wp-json\/wp\/v2\/posts\/16380","targetHints":{"allow":["GET"]}}],"collection":[{"href":"https:\/\/www.cordobatimes.com\/showup\/wp-json\/wp\/v2\/posts"}],"about":[{"href":"https:\/\/www.cordobatimes.com\/showup\/wp-json\/wp\/v2\/types\/post"}],"author":[{"embeddable":true,"href":"https:\/\/www.cordobatimes.com\/showup\/wp-json\/wp\/v2\/users\/9"}],"replies":[{"embeddable":true,"href":"https:\/\/www.cordobatimes.com\/showup\/wp-json\/wp\/v2\/comments?post=16380"}],"version-history":[{"count":0,"href":"https:\/\/www.cordobatimes.com\/showup\/wp-json\/wp\/v2\/posts\/16380\/revisions"}],"wp:featuredmedia":[{"embeddable":true,"href":"https:\/\/www.cordobatimes.com\/showup\/wp-json\/wp\/v2\/media\/16381"}],"wp:attachment":[{"href":"https:\/\/www.cordobatimes.com\/showup\/wp-json\/wp\/v2\/media?parent=16380"}],"wp:term":[{"taxonomy":"category","embeddable":true,"href":"https:\/\/www.cordobatimes.com\/showup\/wp-json\/wp\/v2\/categories?post=16380"},{"taxonomy":"post_tag","embeddable":true,"href":"https:\/\/www.cordobatimes.com\/showup\/wp-json\/wp\/v2\/tags?post=16380"}],"curies":[{"name":"wp","href":"https:\/\/api.w.org\/{rel}","templated":true}]}}