{"id":16294,"date":"2014-04-03T14:15:22","date_gmt":"2014-04-03T17:15:22","guid":{"rendered":"http:\/\/cordobatimes.com\/showup\/?p=16294"},"modified":"2020-01-04T20:48:18","modified_gmt":"2020-01-04T23:48:18","slug":"the-walking-dead-salio-el-poster-de-la-5ta-temporada","status":"publish","type":"post","link":"https:\/\/www.cordobatimes.com\/showup\/cine-y-series\/2014\/04\/03\/the-walking-dead-salio-el-poster-de-la-5ta-temporada\/","title":{"rendered":"The Walking Dead: sali\u00f3 el p\u00f3ster de la 5ta temporada"},"content":{"rendered":"<h3 style=\"text-align: justify;\"><strong>Rick Grimes \u00a0protagoniza el primer cartel de la pr\u00f3xima entrega de la serie con m\u00e1s zombies de la televisi\u00f3n. Por lo que podemos ver, llevar\u00e1 el lema \u00abSurvive\u00bb, \u00bfde qu\u00e9 se tratar\u00e1?<\/strong><\/h3>\n<p style=\"text-align: justify;\">En la primera imagen promocional de la nueva tanda de cap\u00edtulos -que todav\u00eda no tienen fecha de estreno aunque todo apunta que llegar\u00e1 en octubre- el actor aparece en cuclillas con la pistola en la mano bajo el mensaje \u00absurvive\u00bb.<\/p>\n<p style=\"text-align: justify;\">El personaje interpretado por Lincoln ha vuelto a tomar las riendas del grupo, en esta ocasi\u00f3n, m\u00e1s decidido que nunca a hacer todo lo que haga falta para sobrevivir, y este es el mensaje que transmite el primer p\u00f3ster lanzado por AMC.<\/p>\n<p style=\"text-align: justify;\">La pr\u00f3xima temporada no s\u00f3lo tendr\u00e1 nuevamente a Rick como protagonista principal sino que ascender\u00e1n los nuevos personajes que aparecieron para dar qu\u00e9 hablar en el \u00faltimo cap\u00edtulo.<\/p>\n<p style=\"text-align: justify;\"><a href=\"http:\/\/cordobatimes.com\/showup\/wp-content\/uploads\/2014\/04\/SURVIVE.jpg\"><img loading=\"lazy\" decoding=\"async\" class=\"alignnone size-full wp-image-16360\" src=\"http:\/\/cordobatimes.com\/showup\/wp-content\/uploads\/2014\/04\/SURVIVE.jpg\" alt=\"SURVIVE\" width=\"624\" height=\"912\" data-id=\"16360\" srcset=\"https:\/\/www.cordobatimes.com\/showup\/wp-content\/uploads\/2014\/04\/SURVIVE.jpg 624w, https:\/\/www.cordobatimes.com\/showup\/wp-content\/uploads\/2014\/04\/SURVIVE-205x300.jpg 205w\" sizes=\"auto, (max-width: 624px) 100vw, 624px\" \/><\/a><\/p>\n<p style=\"text-align: justify;\">Por ahora s\u00f3lo podemos traerte el p\u00f3ster, pero&#8230; \u00bfaguantaremos hasta octubre?<\/p>\n<p>&nbsp;<\/p>\n","protected":false},"excerpt":{"rendered":"<p>Rick Grimes \u00a0protagoniza el primer cartel de la pr\u00f3xima entrega de la serie con m\u00e1s zombies de la televisi\u00f3n. Por lo que podemos ver, llevar\u00e1 el lema \u00abSurvive\u00bb, \u00bfde qu\u00e9 se tratar\u00e1? En la primera imagen promocional de la nueva tanda de cap\u00edtulos -que todav\u00eda no tienen fecha de estreno aunque todo apunta que llegar\u00e1 [&hellip;]<\/p>\n","protected":false},"author":9,"featured_media":16361,"comment_status":"closed","ping_status":"closed","sticky":false,"template":"","format":"standard","meta":{"_seopress_robots_primary_cat":"","_seopress_titles_title":"","_seopress_titles_desc":"","_seopress_robots_index":"","footnotes":""},"categories":[3],"tags":[27756,27757],"class_list":{"0":"post-16294","1":"post","2":"type-post","3":"status-publish","4":"format-standard","5":"has-post-thumbnail","7":"category-cine-y-series","8":"tag-poster-de-la-5ta-temporada-de-the-walking-dead","9":"tag-the-walking-dead-5ta-temporada"},"_links":{"self":[{"href":"https:\/\/www.cordobatimes.com\/showup\/wp-json\/wp\/v2\/posts\/16294","targetHints":{"allow":["GET"]}}],"collection":[{"href":"https:\/\/www.cordobatimes.com\/showup\/wp-json\/wp\/v2\/posts"}],"about":[{"href":"https:\/\/www.cordobatimes.com\/showup\/wp-json\/wp\/v2\/types\/post"}],"author":[{"embeddable":true,"href":"https:\/\/www.cordobatimes.com\/showup\/wp-json\/wp\/v2\/users\/9"}],"replies":[{"embeddable":true,"href":"https:\/\/www.cordobatimes.com\/showup\/wp-json\/wp\/v2\/comments?post=16294"}],"version-history":[{"count":0,"href":"https:\/\/www.cordobatimes.com\/showup\/wp-json\/wp\/v2\/posts\/16294\/revisions"}],"wp:featuredmedia":[{"embeddable":true,"href":"https:\/\/www.cordobatimes.com\/showup\/wp-json\/wp\/v2\/media\/16361"}],"wp:attachment":[{"href":"https:\/\/www.cordobatimes.com\/showup\/wp-json\/wp\/v2\/media?parent=16294"}],"wp:term":[{"taxonomy":"category","embeddable":true,"href":"https:\/\/www.cordobatimes.com\/showup\/wp-json\/wp\/v2\/categories?post=16294"},{"taxonomy":"post_tag","embeddable":true,"href":"https:\/\/www.cordobatimes.com\/showup\/wp-json\/wp\/v2\/tags?post=16294"}],"curies":[{"name":"wp","href":"https:\/\/api.w.org\/{rel}","templated":true}]}}