{"id":16292,"date":"2014-04-03T13:41:18","date_gmt":"2014-04-03T16:41:18","guid":{"rendered":"http:\/\/cordobatimes.com\/showup\/?p=16292"},"modified":"2020-01-04T21:05:35","modified_gmt":"2020-01-05T00:05:35","slug":"calle-13-estreno-el-aguante-y-se-amigo-con-el-fan-golpeado-video","status":"publish","type":"post","link":"https:\/\/www.cordobatimes.com\/showup\/musica\/2014\/04\/03\/calle-13-estreno-el-aguante-y-se-amigo-con-el-fan-golpeado-video\/","title":{"rendered":"Calle 13 estren\u00f3 \u00abEl Aguante\u00bb y se amig\u00f3 con el fan golpeado (Video)"},"content":{"rendered":"<h3 style=\"text-align: justify;\"><strong>El clip fue filmado el pasado mes de febrero en nuestro pa\u00eds y ha sido realizado por la empresa cinematogr\u00e1fica puertorrique\u00f1a Filmes Zapatero.<\/strong><\/h3>\n<p>El nuevo tema difusi\u00f3n es de pura cr\u00edtica a todas las situaciones que los latinoamericanos debemos \u00abaguantar\u00bb. Monsanto, religiones, planes econ\u00f3micos, guerras \u00a0y presidentes son protagonista en la letra de Residente.<\/p>\n<p style=\"text-align: justify;\">Calle 13 termin\u00f3 la primera fase de su gira \u00abMultiViral\u00bb el pasado 29 de marzo con una presentaci\u00f3n en el Festival Vive Latino en el Foro Sol del Distrito Federal en M\u00e9xico.<\/p>\n<p style=\"text-align: justify;\">La banda boricua se prepara as\u00ed para continuar su recorrido por Latinoam\u00e9rica en el mes de abril. Posteriormente, el tour se desplazar\u00e1 a Estados Unidos y m\u00e1s adelante, en el mes de julio, a Espa\u00f1a.<\/p>\n<p style=\"text-align: justify;\">No te pierdas el \u00faltimo single difusi\u00f3n.<\/p>\n<p><iframe loading=\"lazy\" src=\"\/\/www.youtube.com\/embed\/LUk73pUe9i4?list=UUxfC3u6sFXzbeB9OkoEc_uA\" width=\"560\" height=\"315\" frameborder=\"0\" allowfullscreen=\"allowfullscreen\"><\/iframe><\/p>\n<p style=\"text-align: justify;\">Por otro lado, Ren\u00e9 se amig\u00f3 con el <a title=\"\u00bfNo lo viste? Ren\u00e9 de Calle 13 golpe\u00f3 a un fan en pleno recital (Video)\" href=\"http:\/\/cordobatimes.com\/showup\/musica\/2014\/04\/01\/no-lo-viste-rene-golpeo-a-un-fan-en-pleno-recital-video\/\" target=\"_blank\" rel=\"noopener noreferrer\">fan que golpe\u00f3 hace unos d\u00edas en un recital<\/a> y lo comparti\u00f3 con todos sus seguidores a trav\u00e9s de su cuenta oficial de Instagram.<\/p>\n<p style=\"text-align: justify;\">En contra del amarillismo, el vocalista brind\u00f3 con un mezcal con el fan\u00e1tico con el que vivi\u00f3 el percance.<\/p>\n<p style=\"text-align: justify;\"><a href=\"http:\/\/cordobatimes.com\/showup\/wp-content\/uploads\/2014\/04\/RENEEE.png\"><img loading=\"lazy\" decoding=\"async\" class=\"alignnone size-full wp-image-16351\" src=\"http:\/\/cordobatimes.com\/showup\/wp-content\/uploads\/2014\/04\/RENEEE.png\" alt=\"RENEEE\" width=\"555\" height=\"652\" data-id=\"16351\" srcset=\"https:\/\/www.cordobatimes.com\/showup\/wp-content\/uploads\/2014\/04\/RENEEE.png 555w, https:\/\/www.cordobatimes.com\/showup\/wp-content\/uploads\/2014\/04\/RENEEE-255x300.png 255w\" sizes=\"auto, (max-width: 555px) 100vw, 555px\" \/><\/a><\/p>\n<p>&nbsp;<\/p>\n","protected":false},"excerpt":{"rendered":"<p>El clip fue filmado el pasado mes de febrero en nuestro pa\u00eds y ha sido realizado por la empresa cinematogr\u00e1fica puertorrique\u00f1a Filmes Zapatero. El nuevo tema difusi\u00f3n es de pura cr\u00edtica a todas las situaciones que los latinoamericanos debemos \u00abaguantar\u00bb. Monsanto, religiones, planes econ\u00f3micos, guerras \u00a0y presidentes son protagonista en la letra de Residente. Calle [&hellip;]<\/p>\n","protected":false},"author":9,"featured_media":16352,"comment_status":"closed","ping_status":"closed","sticky":false,"template":"","format":"standard","meta":{"_seopress_robots_primary_cat":"","_seopress_titles_title":"","_seopress_titles_desc":"","_seopress_robots_index":"","footnotes":""},"categories":[5],"tags":[27759,25063],"class_list":{"0":"post-16292","1":"post","2":"type-post","3":"status-publish","4":"format-standard","5":"has-post-thumbnail","7":"category-musica","8":"tag-calle-13-el-aguante","9":"tag-calle-13-rene-perez"},"_links":{"self":[{"href":"https:\/\/www.cordobatimes.com\/showup\/wp-json\/wp\/v2\/posts\/16292","targetHints":{"allow":["GET"]}}],"collection":[{"href":"https:\/\/www.cordobatimes.com\/showup\/wp-json\/wp\/v2\/posts"}],"about":[{"href":"https:\/\/www.cordobatimes.com\/showup\/wp-json\/wp\/v2\/types\/post"}],"author":[{"embeddable":true,"href":"https:\/\/www.cordobatimes.com\/showup\/wp-json\/wp\/v2\/users\/9"}],"replies":[{"embeddable":true,"href":"https:\/\/www.cordobatimes.com\/showup\/wp-json\/wp\/v2\/comments?post=16292"}],"version-history":[{"count":0,"href":"https:\/\/www.cordobatimes.com\/showup\/wp-json\/wp\/v2\/posts\/16292\/revisions"}],"wp:featuredmedia":[{"embeddable":true,"href":"https:\/\/www.cordobatimes.com\/showup\/wp-json\/wp\/v2\/media\/16352"}],"wp:attachment":[{"href":"https:\/\/www.cordobatimes.com\/showup\/wp-json\/wp\/v2\/media?parent=16292"}],"wp:term":[{"taxonomy":"category","embeddable":true,"href":"https:\/\/www.cordobatimes.com\/showup\/wp-json\/wp\/v2\/categories?post=16292"},{"taxonomy":"post_tag","embeddable":true,"href":"https:\/\/www.cordobatimes.com\/showup\/wp-json\/wp\/v2\/tags?post=16292"}],"curies":[{"name":"wp","href":"https:\/\/api.w.org\/{rel}","templated":true}]}}