{"id":16123,"date":"2014-04-01T13:58:47","date_gmt":"2014-04-01T16:58:47","guid":{"rendered":"http:\/\/cordobatimes.com\/showup\/?p=16123"},"modified":"2020-01-05T17:31:58","modified_gmt":"2020-01-05T20:31:58","slug":"farina-fue-golpeado-por-un-preso","status":"publish","type":"post","link":"https:\/\/www.cordobatimes.com\/showup\/famosos\/2014\/04\/01\/farina-fue-golpeado-por-un-preso\/","title":{"rendered":"Fari\u00f1a fue golpeado por un preso"},"content":{"rendered":"<h3 style=\"text-align: justify;\"><strong>Jorge Rial fue el encargado de dar la primicia del mal momento que est\u00e1 viviendo el ex de Karina Jelinek.\u00a0<\/strong><\/h3>\n<p style=\"text-align: justify;\">Como ya te hab\u00edamos contado, el empresario y contador se encuentra en prisi\u00f3n hace m\u00e1s de una semana y seg\u00fan el \u00a0Intruso no la est\u00e1 pasando muy bien.<\/p>\n<p style=\"text-align: justify;\">\u00abLeo Fari\u00f1a habr\u00eda sido agredido por otro preso, por esto ha sido separado de los dem\u00e1s compa\u00f1eros de celda\u00bb dijo el conductor de Am\u00e9rica hace instantes en su programa.<\/p>\n<p style=\"text-align: justify;\">\u00abNo la est\u00e1 pasando bien dentro de la c\u00e1rcel y tiene m\u00e1s o menos diez d\u00edas m\u00e1s en prisi\u00f3n\u00bb dijo el ex de Loly Antoniale.<\/p>\n","protected":false},"excerpt":{"rendered":"<p>Jorge Rial fue el encargado de dar la primicia del mal momento que est\u00e1 viviendo el ex de Karina Jelinek.\u00a0 Como ya te hab\u00edamos contado, el empresario y contador se encuentra en prisi\u00f3n hace m\u00e1s de una semana y seg\u00fan el \u00a0Intruso no la est\u00e1 pasando muy bien. \u00abLeo Fari\u00f1a habr\u00eda sido agredido por otro [&hellip;]<\/p>\n","protected":false},"author":9,"featured_media":16124,"comment_status":"closed","ping_status":"closed","sticky":false,"template":"","format":"standard","meta":{"_seopress_robots_primary_cat":"","_seopress_titles_title":"","_seopress_titles_desc":"","_seopress_robots_index":"","footnotes":""},"categories":[4],"tags":[27788,27789],"class_list":{"0":"post-16123","1":"post","2":"type-post","3":"status-publish","4":"format-standard","5":"has-post-thumbnail","7":"category-famosos","8":"tag-golpearon-a-leonardo-farina","9":"tag-leonardo-farina-desde-la-carcel"},"_links":{"self":[{"href":"https:\/\/www.cordobatimes.com\/showup\/wp-json\/wp\/v2\/posts\/16123","targetHints":{"allow":["GET"]}}],"collection":[{"href":"https:\/\/www.cordobatimes.com\/showup\/wp-json\/wp\/v2\/posts"}],"about":[{"href":"https:\/\/www.cordobatimes.com\/showup\/wp-json\/wp\/v2\/types\/post"}],"author":[{"embeddable":true,"href":"https:\/\/www.cordobatimes.com\/showup\/wp-json\/wp\/v2\/users\/9"}],"replies":[{"embeddable":true,"href":"https:\/\/www.cordobatimes.com\/showup\/wp-json\/wp\/v2\/comments?post=16123"}],"version-history":[{"count":0,"href":"https:\/\/www.cordobatimes.com\/showup\/wp-json\/wp\/v2\/posts\/16123\/revisions"}],"wp:featuredmedia":[{"embeddable":true,"href":"https:\/\/www.cordobatimes.com\/showup\/wp-json\/wp\/v2\/media\/16124"}],"wp:attachment":[{"href":"https:\/\/www.cordobatimes.com\/showup\/wp-json\/wp\/v2\/media?parent=16123"}],"wp:term":[{"taxonomy":"category","embeddable":true,"href":"https:\/\/www.cordobatimes.com\/showup\/wp-json\/wp\/v2\/categories?post=16123"},{"taxonomy":"post_tag","embeddable":true,"href":"https:\/\/www.cordobatimes.com\/showup\/wp-json\/wp\/v2\/tags?post=16123"}],"curies":[{"name":"wp","href":"https:\/\/api.w.org\/{rel}","templated":true}]}}