{"id":16040,"date":"2014-03-31T15:52:35","date_gmt":"2014-03-31T18:52:35","guid":{"rendered":"http:\/\/cordobatimes.com\/showup\/?p=16040"},"modified":"2019-12-04T16:45:23","modified_gmt":"2019-12-04T19:45:23","slug":"veronica-ojeda-le-envio-una-carta-documento-a-oliva","status":"publish","type":"post","link":"https:\/\/www.cordobatimes.com\/showup\/famosos\/2014\/03\/31\/veronica-ojeda-le-envio-una-carta-documento-a-oliva\/","title":{"rendered":"Ver\u00f3nica Ojeda le envi\u00f3 una carta documento a Oliva"},"content":{"rendered":"<h3 style=\"text-align: justify;\"><strong>Luego de la pol\u00e9mica presencia de Roc\u00edo Oliva en la mesa de Mirtha Legrand, ahora la nota la da Ojeda envi\u00e1ndole una nueva carta documento, seg\u00fan cont\u00f3 el periodista \u00c1ngel de Brito.<\/strong><\/h3>\n<p style=\"text-align: justify;\">Ver\u00f3nica vuelve arremeter contra \u00abLa Roche\u00bb legalmente argumentando que, en sus \u00faltimas apariciones p\u00fablicas, Oliva dio a entender que el embarazo que Ojeda perdi\u00f3 en realidad nunca existi\u00f3.<\/p>\n<p style=\"text-align: justify;\">De Brito cont\u00f3 en BdV los mensajes que le env\u00edo Ojeda: \u00abSolo quer\u00eda que esta nueva acci\u00f3n legal se conozca. No quiero seguir hablando para no generar m\u00e1s pol\u00e9mica. Voy a demostrar que estuve embarazada. En 28 d\u00edas va a estar el ADN y quedar\u00e1 en claro que el hijo que esperaba era de Diego\u00bb.<\/p>\n<p style=\"text-align: justify;\">El conflicto entre las dos rubias parece no tener fin pero, por lo pronto, Oliva regresa Dubai con Maradona y Ojeda se queda en el pa\u00eds acompa\u00f1ada de amigos y familiares.<\/p>\n","protected":false},"excerpt":{"rendered":"<p>Luego de la pol\u00e9mica presencia de Roc\u00edo Oliva en la mesa de Mirtha Legrand, ahora la nota la da Ojeda envi\u00e1ndole una nueva carta documento, seg\u00fan cont\u00f3 el periodista \u00c1ngel de Brito. Ver\u00f3nica vuelve arremeter contra \u00abLa Roche\u00bb legalmente argumentando que, en sus \u00faltimas apariciones p\u00fablicas, Oliva dio a entender que el embarazo que Ojeda [&hellip;]<\/p>\n","protected":false},"author":9,"featured_media":16052,"comment_status":"closed","ping_status":"closed","sticky":false,"template":"","format":"standard","meta":{"_seopress_robots_primary_cat":"","_seopress_titles_title":"","_seopress_titles_desc":"","_seopress_robots_index":"","footnotes":""},"categories":[4],"tags":[26299,26298],"class_list":{"0":"post-16040","1":"post","2":"type-post","3":"status-publish","4":"format-standard","5":"has-post-thumbnail","7":"category-famosos","8":"tag-veronica-ojeda-carta-documento-a-rocio-oliva","9":"tag-veronica-ojeda-rocio-oliva"},"_links":{"self":[{"href":"https:\/\/www.cordobatimes.com\/showup\/wp-json\/wp\/v2\/posts\/16040","targetHints":{"allow":["GET"]}}],"collection":[{"href":"https:\/\/www.cordobatimes.com\/showup\/wp-json\/wp\/v2\/posts"}],"about":[{"href":"https:\/\/www.cordobatimes.com\/showup\/wp-json\/wp\/v2\/types\/post"}],"author":[{"embeddable":true,"href":"https:\/\/www.cordobatimes.com\/showup\/wp-json\/wp\/v2\/users\/9"}],"replies":[{"embeddable":true,"href":"https:\/\/www.cordobatimes.com\/showup\/wp-json\/wp\/v2\/comments?post=16040"}],"version-history":[{"count":0,"href":"https:\/\/www.cordobatimes.com\/showup\/wp-json\/wp\/v2\/posts\/16040\/revisions"}],"wp:featuredmedia":[{"embeddable":true,"href":"https:\/\/www.cordobatimes.com\/showup\/wp-json\/wp\/v2\/media\/16052"}],"wp:attachment":[{"href":"https:\/\/www.cordobatimes.com\/showup\/wp-json\/wp\/v2\/media?parent=16040"}],"wp:term":[{"taxonomy":"category","embeddable":true,"href":"https:\/\/www.cordobatimes.com\/showup\/wp-json\/wp\/v2\/categories?post=16040"},{"taxonomy":"post_tag","embeddable":true,"href":"https:\/\/www.cordobatimes.com\/showup\/wp-json\/wp\/v2\/tags?post=16040"}],"curies":[{"name":"wp","href":"https:\/\/api.w.org\/{rel}","templated":true}]}}