{"id":15867,"date":"2014-03-29T18:20:44","date_gmt":"2014-03-29T21:20:44","guid":{"rendered":"http:\/\/cordobatimes.com\/showup\/?p=15867"},"modified":"2023-12-30T20:09:04","modified_gmt":"2023-12-30T23:09:04","slug":"karina-jelinek-se-vistio-de-pamela-anderson-en-el-rodaje-de-baneros-4-fotos","status":"publish","type":"post","link":"https:\/\/www.cordobatimes.com\/showup\/cine-y-series\/2014\/03\/29\/karina-jelinek-se-vistio-de-pamela-anderson-en-el-rodaje-de-baneros-4-fotos\/","title":{"rendered":"Karina Jelinek se visti\u00f3 de Pamela Anderson en el rodaje de \u00abBa\u00f1eros 4\u00bb (Fotos)"},"content":{"rendered":"<h3 style=\"text-align: justify;\"><strong>Mientra Leo Fari\u00f1a \u00a0pasa unos d\u00edas preso, la modelo \u00a0disfruta del aire libre en Mar del Plata filmando la divertida comedia que va por su cuarta entrega.<\/strong><\/h3>\n<p style=\"text-align: justify;\">Kari se encuentra rodando su participaci\u00f3n en \u00abBa\u00f1eros 4\u00bb, la pel\u00edcula que marcar\u00e1 su debut en la pantalla grande y en la que, seg\u00fan publica en su cuenta oficial de twitter, se est\u00e1 divirtiendo mucho.<\/p>\n<p style=\"text-align: justify;\">Alegre y sexy, como siempre, la morocha no dud\u00f3 en mostrarle a todos sus seguidores c\u00f3mo le queda la reconocida malla que hizo famosa a la bella Pamela Anderson.<\/p>\n<blockquote class=\"twitter-tweet\" lang=\"es\"><p>Ya en la tercera escena de la peli <a href=\"https:\/\/twitter.com\/search?q=%23Ba%C3%B1eros&amp;src=hash\">#Ba\u00f1eros<\/a> 4!!! \ud83d\ude42 <a href=\"https:\/\/twitter.com\/search?q=%23Mardel&amp;src=hash\">#Mardel<\/a> <a href=\"http:\/\/t.co\/Nqgv1Yk0xy\">pic.twitter.com\/Nqgv1Yk0xy<\/a><\/p>\n<p>\u2014 Karina Jelinek (@Karijelinek) <a href=\"https:\/\/twitter.com\/Karijelinek\/statuses\/448844366421848064\">marzo 26, 2014<\/a><\/p><\/blockquote>\n<p><script charset=\"utf-8\" type=\"text\/javascript\" src=\"\/\/platform.twitter.com\/widgets.js\" async=\"\"><\/script><\/p>\n<blockquote class=\"twitter-tweet\" lang=\"es\"><p><a href=\"http:\/\/t.co\/cbFZaMcujV\">pic.twitter.com\/cbFZaMcujV<\/a><\/p>\n<p>\u2014 Karina Jelinek (@Karijelinek) <a href=\"https:\/\/twitter.com\/Karijelinek\/statuses\/448927894798999553\">marzo 26, 2014<\/a><\/p><\/blockquote>\n<p>&nbsp;<\/p>\n<blockquote class=\"twitter-tweet\" lang=\"es\"><p>En plena filmaci\u00f3n <a href=\"https:\/\/twitter.com\/search?q=%23Guardavidas&amp;src=hash\">#Guardavidas<\/a> <a href=\"https:\/\/twitter.com\/search?q=%23Ba%C3%B1eros&amp;src=hash\">#Ba\u00f1eros<\/a> <a href=\"https:\/\/twitter.com\/search?q=%23mdq&amp;src=hash\">#mdq<\/a> <a href=\"http:\/\/t.co\/tVEnh4VLxk\">pic.twitter.com\/tVEnh4VLxk<\/a><\/p>\n<p>\u2014 Karina Jelinek (@Karijelinek) <a href=\"https:\/\/twitter.com\/Karijelinek\/statuses\/449564778139516928\">marzo 28, 2014<\/a><\/p><\/blockquote>\n<p><script charset=\"utf-8\" type=\"text\/javascript\" src=\"\/\/platform.twitter.com\/widgets.js\" async=\"\"><\/script><\/p>\n<blockquote class=\"twitter-tweet\" lang=\"es\"><p>&nbsp;<\/p><\/blockquote>\n","protected":false},"excerpt":{"rendered":"<p>Mientra Leo Fari\u00f1a \u00a0pasa unos d\u00edas preso, la modelo \u00a0disfruta del aire libre en Mar del Plata filmando la divertida comedia que va por su cuarta entrega. Kari se encuentra rodando su participaci\u00f3n en \u00abBa\u00f1eros 4\u00bb, la pel\u00edcula que marcar\u00e1 su debut en la pantalla grande y en la que, seg\u00fan publica en su cuenta [&hellip;]<\/p>\n","protected":false},"author":9,"featured_media":15869,"comment_status":"closed","ping_status":"closed","sticky":false,"template":"","format":"standard","meta":{"_seopress_robots_primary_cat":"","_seopress_titles_title":"","_seopress_titles_desc":"","_seopress_robots_index":"","footnotes":""},"categories":[3],"tags":[26328,26327,26326],"class_list":{"0":"post-15867","1":"post","2":"type-post","3":"status-publish","4":"format-standard","5":"has-post-thumbnail","7":"category-cine-y-series","8":"tag-karina-jelinek-baneros-4","9":"tag-karina-jelinek-pamela-anderson","10":"tag-karina-jelinek-se-vistio-de-pamela-anderson"},"_links":{"self":[{"href":"https:\/\/www.cordobatimes.com\/showup\/wp-json\/wp\/v2\/posts\/15867","targetHints":{"allow":["GET"]}}],"collection":[{"href":"https:\/\/www.cordobatimes.com\/showup\/wp-json\/wp\/v2\/posts"}],"about":[{"href":"https:\/\/www.cordobatimes.com\/showup\/wp-json\/wp\/v2\/types\/post"}],"author":[{"embeddable":true,"href":"https:\/\/www.cordobatimes.com\/showup\/wp-json\/wp\/v2\/users\/9"}],"replies":[{"embeddable":true,"href":"https:\/\/www.cordobatimes.com\/showup\/wp-json\/wp\/v2\/comments?post=15867"}],"version-history":[{"count":0,"href":"https:\/\/www.cordobatimes.com\/showup\/wp-json\/wp\/v2\/posts\/15867\/revisions"}],"wp:featuredmedia":[{"embeddable":true,"href":"https:\/\/www.cordobatimes.com\/showup\/wp-json\/wp\/v2\/media\/15869"}],"wp:attachment":[{"href":"https:\/\/www.cordobatimes.com\/showup\/wp-json\/wp\/v2\/media?parent=15867"}],"wp:term":[{"taxonomy":"category","embeddable":true,"href":"https:\/\/www.cordobatimes.com\/showup\/wp-json\/wp\/v2\/categories?post=15867"},{"taxonomy":"post_tag","embeddable":true,"href":"https:\/\/www.cordobatimes.com\/showup\/wp-json\/wp\/v2\/tags?post=15867"}],"curies":[{"name":"wp","href":"https:\/\/api.w.org\/{rel}","templated":true}]}}