{"id":15824,"date":"2014-03-29T17:18:07","date_gmt":"2014-03-29T20:18:07","guid":{"rendered":"http:\/\/cordobatimes.com\/showup\/?p=15824"},"modified":"2019-11-29T20:59:25","modified_gmt":"2019-11-29T23:59:25","slug":"viviana-canosa-vuelve-a-los-medios","status":"publish","type":"post","link":"https:\/\/www.cordobatimes.com\/showup\/famosos\/2014\/03\/29\/viviana-canosa-vuelve-a-los-medios\/","title":{"rendered":"Viviana Canosa vuelve a los medios"},"content":{"rendered":"<h3 style=\"text-align: justify;\"><strong>Luego de estar alejada por m\u00e1s de un a\u00f1o de los medios, en el cual se dedic\u00f3 a la crianza de su hija Martina junto a su pareja Alejandro Borensztein, la conductora est\u00e1 regresando de a poco.<\/strong><\/h3>\n<p style=\"text-align: justify;\">Desvinculada definitivamente de Canal 9, Viviana hizo una campa\u00f1a de una importante firma de ropa interior que la tiene como protagonista exclusiva.<\/p>\n<p style=\"text-align: justify;\">Tambi\u00e9n el viernes, Canosa lleg\u00f3 a \u00abTwitter\u00bb como usuaria y la cantidad de seguidores en pocas horas fue muy importante. Ella, por su parte no sigue a nadie y cont\u00f3 como es su paso por la red social.<\/p>\n<blockquote class=\"twitter-tweet\" data-lang=\"es\">\n<p dir=\"ltr\" lang=\"es\">Empezando a descubrir este mundo del twitter. Ser\u00e1 paulatino. Veremos si me conquista.<\/p>\n<p>\u2014 Viviana Canosa (@vivicanosaok) <a href=\"https:\/\/twitter.com\/vivicanosaok\/status\/449712634087358465?ref_src=twsrc%5Etfw\">29 de marzo de 2014<\/a><\/p><\/blockquote>\n<p><script async src=\"https:\/\/platform.twitter.com\/widgets.js\" charset=\"utf-8\"><\/script><\/p>\n<p style=\"text-align: justify;\">En las im\u00e1genes que fueron publicadas de su campa\u00f1a de ropa interior, se la puede ver en excelente estado f\u00edsico.<\/p>\n<p style=\"text-align: justify;\"><a href=\"http:\/\/cordobatimes.com\/showup\/wp-content\/uploads\/2014\/03\/vivi-2.jpg\"><img loading=\"lazy\" decoding=\"async\" class=\"alignnone wp-image-15850\" src=\"http:\/\/cordobatimes.com\/showup\/wp-content\/uploads\/2014\/03\/vivi-2.jpg\" alt=\"vivi 2\" width=\"600\" height=\"890\" data-id=\"15850\" \/><\/a><\/p>\n<p style=\"text-align: justify;\"><a href=\"http:\/\/cordobatimes.com\/showup\/wp-content\/uploads\/2014\/03\/vivi-3.jpg\"><img loading=\"lazy\" decoding=\"async\" class=\"alignnone wp-image-15851\" src=\"http:\/\/cordobatimes.com\/showup\/wp-content\/uploads\/2014\/03\/vivi-3.jpg\" alt=\"vivi 3\" width=\"600\" height=\"890\" data-id=\"15851\" \/><\/a><\/p>\n<h3 style=\"text-align: justify;\"><a href=\"http:\/\/cordobatimes.com\/showup\/wp-content\/uploads\/2014\/03\/vivi-1.jpg\"><img loading=\"lazy\" decoding=\"async\" class=\"alignnone size-full wp-image-15848\" src=\"http:\/\/cordobatimes.com\/showup\/wp-content\/uploads\/2014\/03\/vivi-1.jpg\" alt=\"vivi 1\" width=\"744\" height=\"494\" data-id=\"15848\" srcset=\"https:\/\/www.cordobatimes.com\/showup\/wp-content\/uploads\/2014\/03\/vivi-1.jpg 744w, https:\/\/www.cordobatimes.com\/showup\/wp-content\/uploads\/2014\/03\/vivi-1-300x199.jpg 300w\" sizes=\"auto, (max-width: 744px) 100vw, 744px\" \/><\/a><\/h3>\n","protected":false},"excerpt":{"rendered":"<p>Luego de estar alejada por m\u00e1s de un a\u00f1o de los medios, en el cual se dedic\u00f3 a la crianza de su hija Martina junto a su pareja Alejandro Borensztein, la conductora est\u00e1 regresando de a poco. Desvinculada definitivamente de Canal 9, Viviana hizo una campa\u00f1a de una importante firma de ropa interior que la [&hellip;]<\/p>\n","protected":false},"author":9,"featured_media":15849,"comment_status":"closed","ping_status":"closed","sticky":false,"template":"","format":"standard","meta":{"_seopress_robots_primary_cat":"","_seopress_titles_title":"","_seopress_titles_desc":"","_seopress_robots_index":"","footnotes":""},"categories":[4],"tags":[26330,26331],"class_list":{"0":"post-15824","1":"post","2":"type-post","3":"status-publish","4":"format-standard","5":"has-post-thumbnail","7":"category-famosos","8":"tag-viviana-canosa-en-twitter","9":"tag-viviana-canosa-vuelve-a-la-tele"},"_links":{"self":[{"href":"https:\/\/www.cordobatimes.com\/showup\/wp-json\/wp\/v2\/posts\/15824","targetHints":{"allow":["GET"]}}],"collection":[{"href":"https:\/\/www.cordobatimes.com\/showup\/wp-json\/wp\/v2\/posts"}],"about":[{"href":"https:\/\/www.cordobatimes.com\/showup\/wp-json\/wp\/v2\/types\/post"}],"author":[{"embeddable":true,"href":"https:\/\/www.cordobatimes.com\/showup\/wp-json\/wp\/v2\/users\/9"}],"replies":[{"embeddable":true,"href":"https:\/\/www.cordobatimes.com\/showup\/wp-json\/wp\/v2\/comments?post=15824"}],"version-history":[{"count":0,"href":"https:\/\/www.cordobatimes.com\/showup\/wp-json\/wp\/v2\/posts\/15824\/revisions"}],"wp:featuredmedia":[{"embeddable":true,"href":"https:\/\/www.cordobatimes.com\/showup\/wp-json\/wp\/v2\/media\/15849"}],"wp:attachment":[{"href":"https:\/\/www.cordobatimes.com\/showup\/wp-json\/wp\/v2\/media?parent=15824"}],"wp:term":[{"taxonomy":"category","embeddable":true,"href":"https:\/\/www.cordobatimes.com\/showup\/wp-json\/wp\/v2\/categories?post=15824"},{"taxonomy":"post_tag","embeddable":true,"href":"https:\/\/www.cordobatimes.com\/showup\/wp-json\/wp\/v2\/tags?post=15824"}],"curies":[{"name":"wp","href":"https:\/\/api.w.org\/{rel}","templated":true}]}}