{"id":15763,"date":"2014-03-28T17:01:53","date_gmt":"2014-03-28T20:01:53","guid":{"rendered":"http:\/\/cordobatimes.com\/showup\/?p=15763"},"modified":"2019-12-05T07:16:55","modified_gmt":"2019-12-05T10:16:55","slug":"hablo-ingrid-grudke-jorge-era-una-persona-muy-activa-video","status":"publish","type":"post","link":"https:\/\/www.cordobatimes.com\/showup\/famosos\/2014\/03\/28\/hablo-ingrid-grudke-jorge-era-una-persona-muy-activa-video\/","title":{"rendered":"Habl\u00f3 Ingrid Grudke: \u00abJorge era una persona muy activa\u00bb (Video)"},"content":{"rendered":"<h3 style=\"text-align: justify;\"><strong>La mejor amiga del modisto se sent\u00f3 en el estudio de Jorge Rial y cont\u00f3 detalles de c\u00f3mo vivi\u00f3 semejante p\u00e9rdida.\u00a0<\/strong><\/h3>\n<p style=\"text-align: justify;\">La modelo apareci\u00f3 por primera vez luego de la muerte de Jorge Ib\u00e1\u00f1ez y, como era de esperarse, lo record\u00f3 con una sonrisa y recuperando los mejores momentos juntos.<\/p>\n<p style=\"text-align: justify;\">Visiblemente dolida y triste pero con con \u00e1nimos de tranquilidad, Grudke detall\u00f3 \u00a0la intimidad de c\u00f3mo vivi\u00f3 su separaci\u00f3n junto a su amigo: \u00abA \u00e9l no le hab\u00eda gustado mi separaci\u00f3n. Estaba preocupado porque yo est\u00e9 bien. Era lo \u00fanico que le importaba, que est\u00e9 bien, que siga brillando, que todo se supera\u00bb.<\/p>\n<p style=\"text-align: justify;\">Luego, ante la pregunta de Marcela Tauro de qu\u00e9 era lo que m\u00e1s extra\u00f1aba de \u00e9l hoy, ella respondi\u00f3: \u00abMuchas cosas, todo el tiempo, sus mensajes. No eramos de llamarnos pero nos comunic\u00e1bamos todo el d\u00eda. (&#8230;) Extra\u00f1o su presencia, su estar (&#8230;) A la gente le gustaba vernos juntos, porque era divertido, espont\u00e1neo\u00bb.<\/p>\n<p style=\"text-align: justify;\">No te pierdas el video de lo que fue la entrevista a Ingrid.<\/p>\n<p><iframe loading=\"lazy\" src=\"\/\/www.youtube.com\/embed\/jtp3sslhTAo\" width=\"420\" height=\"315\" frameborder=\"0\" allowfullscreen=\"allowfullscreen\"><\/iframe><\/p>\n","protected":false},"excerpt":{"rendered":"<p>La mejor amiga del modisto se sent\u00f3 en el estudio de Jorge Rial y cont\u00f3 detalles de c\u00f3mo vivi\u00f3 semejante p\u00e9rdida.\u00a0 La modelo apareci\u00f3 por primera vez luego de la muerte de Jorge Ib\u00e1\u00f1ez y, como era de esperarse, lo record\u00f3 con una sonrisa y recuperando los mejores momentos juntos. Visiblemente dolida y triste pero [&hellip;]<\/p>\n","protected":false},"author":9,"featured_media":15775,"comment_status":"closed","ping_status":"closed","sticky":false,"template":"","format":"standard","meta":{"_seopress_robots_primary_cat":"","_seopress_titles_title":"","_seopress_titles_desc":"","_seopress_robots_index":"","footnotes":""},"categories":[4],"tags":[5247,26344],"class_list":{"0":"post-15763","1":"post","2":"type-post","3":"status-publish","4":"format-standard","5":"has-post-thumbnail","7":"category-famosos","8":"tag-hablo-ingrid-grudke-depsues-de-la-muerte-de-jorge-ibanez","9":"tag-ingrid-grudke-jorge-ibanez"},"_links":{"self":[{"href":"https:\/\/www.cordobatimes.com\/showup\/wp-json\/wp\/v2\/posts\/15763","targetHints":{"allow":["GET"]}}],"collection":[{"href":"https:\/\/www.cordobatimes.com\/showup\/wp-json\/wp\/v2\/posts"}],"about":[{"href":"https:\/\/www.cordobatimes.com\/showup\/wp-json\/wp\/v2\/types\/post"}],"author":[{"embeddable":true,"href":"https:\/\/www.cordobatimes.com\/showup\/wp-json\/wp\/v2\/users\/9"}],"replies":[{"embeddable":true,"href":"https:\/\/www.cordobatimes.com\/showup\/wp-json\/wp\/v2\/comments?post=15763"}],"version-history":[{"count":0,"href":"https:\/\/www.cordobatimes.com\/showup\/wp-json\/wp\/v2\/posts\/15763\/revisions"}],"wp:featuredmedia":[{"embeddable":true,"href":"https:\/\/www.cordobatimes.com\/showup\/wp-json\/wp\/v2\/media\/15775"}],"wp:attachment":[{"href":"https:\/\/www.cordobatimes.com\/showup\/wp-json\/wp\/v2\/media?parent=15763"}],"wp:term":[{"taxonomy":"category","embeddable":true,"href":"https:\/\/www.cordobatimes.com\/showup\/wp-json\/wp\/v2\/categories?post=15763"},{"taxonomy":"post_tag","embeddable":true,"href":"https:\/\/www.cordobatimes.com\/showup\/wp-json\/wp\/v2\/tags?post=15763"}],"curies":[{"name":"wp","href":"https:\/\/api.w.org\/{rel}","templated":true}]}}