{"id":15641,"date":"2014-03-27T16:29:16","date_gmt":"2014-03-27T19:29:16","guid":{"rendered":"http:\/\/cordobatimes.com\/showup\/?p=15641"},"modified":"2019-12-10T16:34:31","modified_gmt":"2019-12-10T19:34:31","slug":"murio-la-madre-de-alejandro-lerner","status":"publish","type":"post","link":"https:\/\/www.cordobatimes.com\/showup\/famosos\/2014\/03\/27\/murio-la-madre-de-alejandro-lerner\/","title":{"rendered":"Muri\u00f3 la madre de Alejandro Lerner"},"content":{"rendered":"<h3 style=\"text-align: justify;\"><strong>La mam\u00e1 del cantante y compositor, falleci\u00f3 ayer por la noche en el Sanatorio Otomendi. En esta nota, todos los detalles.\u00a0<\/strong><\/h3>\n<p style=\"text-align: justify;\">A trav\u00e9s de un comunicado, los encargados de prensa de Alejandro Lerner informaron a los medios que falleci\u00f3 su mam\u00e1, L\u00eda Lerner.<\/p>\n<p style=\"text-align: justify;\">\u00abCon profunda tristeza y dolor, informamos el fallecimiento de la Dra. L\u00eda Lerner, madre del cantante y compositor Alejandro Lerner\u00bb.<\/p>\n<p style=\"text-align: justify;\">Los restos de L\u00eda ser\u00e1n velados esta tarde y ma\u00f1ana se realizar\u00e1 el entierro en un cementerio privado.<\/p>\n<p>&nbsp;<\/p>\n","protected":false},"excerpt":{"rendered":"<p>La mam\u00e1 del cantante y compositor, falleci\u00f3 ayer por la noche en el Sanatorio Otomendi. En esta nota, todos los detalles.\u00a0 A trav\u00e9s de un comunicado, los encargados de prensa de Alejandro Lerner informaron a los medios que falleci\u00f3 su mam\u00e1, L\u00eda Lerner. \u00abCon profunda tristeza y dolor, informamos el fallecimiento de la Dra. L\u00eda [&hellip;]<\/p>\n","protected":false},"author":9,"featured_media":15645,"comment_status":"closed","ping_status":"closed","sticky":false,"template":"","format":"standard","meta":{"_seopress_robots_primary_cat":"","_seopress_titles_title":"","_seopress_titles_desc":"","_seopress_robots_index":"","footnotes":""},"categories":[4],"tags":[5204,26894],"class_list":{"0":"post-15641","1":"post","2":"type-post","3":"status-publish","4":"format-standard","5":"has-post-thumbnail","7":"category-famosos","8":"tag-muere-la-madre-de-alejandro-lerner","9":"tag-muerte-de-la-madre-de-alejandro-lerner"},"_links":{"self":[{"href":"https:\/\/www.cordobatimes.com\/showup\/wp-json\/wp\/v2\/posts\/15641","targetHints":{"allow":["GET"]}}],"collection":[{"href":"https:\/\/www.cordobatimes.com\/showup\/wp-json\/wp\/v2\/posts"}],"about":[{"href":"https:\/\/www.cordobatimes.com\/showup\/wp-json\/wp\/v2\/types\/post"}],"author":[{"embeddable":true,"href":"https:\/\/www.cordobatimes.com\/showup\/wp-json\/wp\/v2\/users\/9"}],"replies":[{"embeddable":true,"href":"https:\/\/www.cordobatimes.com\/showup\/wp-json\/wp\/v2\/comments?post=15641"}],"version-history":[{"count":0,"href":"https:\/\/www.cordobatimes.com\/showup\/wp-json\/wp\/v2\/posts\/15641\/revisions"}],"wp:featuredmedia":[{"embeddable":true,"href":"https:\/\/www.cordobatimes.com\/showup\/wp-json\/wp\/v2\/media\/15645"}],"wp:attachment":[{"href":"https:\/\/www.cordobatimes.com\/showup\/wp-json\/wp\/v2\/media?parent=15641"}],"wp:term":[{"taxonomy":"category","embeddable":true,"href":"https:\/\/www.cordobatimes.com\/showup\/wp-json\/wp\/v2\/categories?post=15641"},{"taxonomy":"post_tag","embeddable":true,"href":"https:\/\/www.cordobatimes.com\/showup\/wp-json\/wp\/v2\/tags?post=15641"}],"curies":[{"name":"wp","href":"https:\/\/api.w.org\/{rel}","templated":true}]}}