{"id":15584,"date":"2014-03-27T13:20:06","date_gmt":"2014-03-27T16:20:06","guid":{"rendered":"http:\/\/cordobatimes.com\/showup\/?p=15584"},"modified":"2019-12-10T16:51:15","modified_gmt":"2019-12-10T19:51:15","slug":"famosa-actriz-se-casa-despues-de-6-anos-de-noviazgo-sabes-de-quien-hablamos","status":"publish","type":"post","link":"https:\/\/www.cordobatimes.com\/showup\/famosos\/2014\/03\/27\/famosa-actriz-se-casa-despues-de-6-anos-de-noviazgo-sabes-de-quien-hablamos\/","title":{"rendered":"Famosa actriz se casa despu\u00e9s de 6 a\u00f1os de noviazgo \u00bfSab\u00e9s de qui\u00e9n hablamos?"},"content":{"rendered":"<h3 style=\"text-align: justify;\"><strong>Marcela Kloosterboer, despu\u00e9s de una larga relaci\u00f3n amorosa, se une en matrimonio con su pareja, el ex rugbier, Fernando Sieling. En esta nota, todos los detalles.\u00a0<\/strong><\/h3>\n<p style=\"text-align: justify;\">La famosa actriz no acostumbra a hablar de su vida privada, pero es de p\u00fablico conocimiento que hace seis a\u00f1os est\u00e1 felizmente de novia con \u00a0un rugbier de 31 a\u00f1os que es licenciado en administraci\u00f3n de empresas.<\/p>\n<p style=\"text-align: justify;\">\u00abCon Fernando nos complementamos como personas y nos acompa\u00f1amos mucho como pareja sin perder la independencia\u00bb, asegur\u00f3.<\/p>\n<p style=\"text-align: justify;\">En noviembre de 2011 la pareja apost\u00f3 a la convivencia y se fueron a vivir juntos. Ahora est\u00e1n siguiendo el paso a paso de la construcci\u00f3n de la casa que est\u00e1n armando en Benav\u00eddez.<\/p>\n<p style=\"text-align: justify;\">\u00abPrefiero probar la convivencia antes de casarme\u00bb, confesaba Marcela Kloosterboer en una entrevista.<\/p>\n<p style=\"text-align: justify;\">Al parecer, les fue muy bien ya que la actriz y Fernando pusieron fecha de casamiento y, si bien no quisieron dar muchos detalles, pasar\u00e1n por el civil en noviembre de 2014, seg\u00fan publica la revista \u00abHola! Argentina\u00bb en su edici\u00f3n de esta semana.<\/p>\n<p><a href=\"http:\/\/cordobatimes.com\/showup\/wp-content\/uploads\/2014\/03\/MARCELA.jpg\"><img loading=\"lazy\" decoding=\"async\" class=\"alignnone size-full wp-image-15623\" src=\"http:\/\/cordobatimes.com\/showup\/wp-content\/uploads\/2014\/03\/MARCELA.jpg\" alt=\"MARCELA\" width=\"600\" height=\"331\" data-id=\"15623\" srcset=\"https:\/\/www.cordobatimes.com\/showup\/wp-content\/uploads\/2014\/03\/MARCELA.jpg 600w, https:\/\/www.cordobatimes.com\/showup\/wp-content\/uploads\/2014\/03\/MARCELA-300x165.jpg 300w\" sizes=\"auto, (max-width: 600px) 100vw, 600px\" \/><\/a><\/p>\n","protected":false},"excerpt":{"rendered":"<p>Marcela Kloosterboer, despu\u00e9s de una larga relaci\u00f3n amorosa, se une en matrimonio con su pareja, el ex rugbier, Fernando Sieling. En esta nota, todos los detalles.\u00a0 La famosa actriz no acostumbra a hablar de su vida privada, pero es de p\u00fablico conocimiento que hace seis a\u00f1os est\u00e1 felizmente de novia con \u00a0un rugbier de 31 [&hellip;]<\/p>\n","protected":false},"author":9,"featured_media":15622,"comment_status":"closed","ping_status":"closed","sticky":false,"template":"","format":"standard","meta":{"_seopress_robots_primary_cat":"","_seopress_titles_title":"","_seopress_titles_desc":"","_seopress_robots_index":"","footnotes":""},"categories":[4],"tags":[26897,26898],"class_list":{"0":"post-15584","1":"post","2":"type-post","3":"status-publish","4":"format-standard","5":"has-post-thumbnail","7":"category-famosos","8":"tag-casamiento-de-marcela-kloosterboer-y-fernando-sieling","9":"tag-marcela-kloosterboer-fernando-sieling"},"_links":{"self":[{"href":"https:\/\/www.cordobatimes.com\/showup\/wp-json\/wp\/v2\/posts\/15584","targetHints":{"allow":["GET"]}}],"collection":[{"href":"https:\/\/www.cordobatimes.com\/showup\/wp-json\/wp\/v2\/posts"}],"about":[{"href":"https:\/\/www.cordobatimes.com\/showup\/wp-json\/wp\/v2\/types\/post"}],"author":[{"embeddable":true,"href":"https:\/\/www.cordobatimes.com\/showup\/wp-json\/wp\/v2\/users\/9"}],"replies":[{"embeddable":true,"href":"https:\/\/www.cordobatimes.com\/showup\/wp-json\/wp\/v2\/comments?post=15584"}],"version-history":[{"count":0,"href":"https:\/\/www.cordobatimes.com\/showup\/wp-json\/wp\/v2\/posts\/15584\/revisions"}],"wp:featuredmedia":[{"embeddable":true,"href":"https:\/\/www.cordobatimes.com\/showup\/wp-json\/wp\/v2\/media\/15622"}],"wp:attachment":[{"href":"https:\/\/www.cordobatimes.com\/showup\/wp-json\/wp\/v2\/media?parent=15584"}],"wp:term":[{"taxonomy":"category","embeddable":true,"href":"https:\/\/www.cordobatimes.com\/showup\/wp-json\/wp\/v2\/categories?post=15584"},{"taxonomy":"post_tag","embeddable":true,"href":"https:\/\/www.cordobatimes.com\/showup\/wp-json\/wp\/v2\/tags?post=15584"}],"curies":[{"name":"wp","href":"https:\/\/api.w.org\/{rel}","templated":true}]}}