{"id":15573,"date":"2014-03-27T17:43:16","date_gmt":"2014-03-27T20:43:16","guid":{"rendered":"http:\/\/cordobatimes.com\/showup\/?p=15573"},"modified":"2019-12-10T13:38:15","modified_gmt":"2019-12-10T16:38:15","slug":"thalia-ahora-es-panadera-video","status":"publish","type":"post","link":"https:\/\/www.cordobatimes.com\/showup\/famosos\/2014\/03\/27\/thalia-ahora-es-panadera-video\/","title":{"rendered":"Thalia ahora es panadera (Video)"},"content":{"rendered":"<h3 style=\"text-align: justify;\"><strong>Para los que no lo sab\u00edan, la cantante tiene un programa a trav\u00e9s de la web y sum\u00f3 un divertido episodio donde se la vi\u00f3 \u00abcon las manos en la masa\u00bb.\u00a0<\/strong><\/h3>\n<p style=\"text-align: justify;\">Thal\u00eda visit\u00f3 una panader\u00eda mexicana, \u00abLa ideal\u00bb, donde bajo la supervisi\u00f3n del panadero Julio C\u00e9sar Pinto, aprendi\u00f3 a hacer pan dulce.<\/p>\n<p style=\"text-align: justify;\">La bella cantante acompa\u00f1\u00f3 el episodio publicado en YouTube con el comentario: \u00ab\u00a1Fue muy divertido y a la misma vez sorprendente, pues nunca me imagin\u00e9 c\u00f3mo era el proceso de principio a fin para hornear pan dulce tan delicioso! Una vez m\u00e1s disfrut\u00e9 de conocer m\u00e1s a nuestra gente, a los m\u00edos&#8230;\u00bb<\/p>\n<p style=\"text-align: justify;\">El programa es una serie de episodios en los cuales la mexicana explora una gama de oficios:\u00a0\u00abSe me ocurri\u00f3 hacer esto para unirnos, pasarla bien y aprender unos de los otros. Ha sido una experiencia llena de sorpresas y aprendizaje. Aqu\u00ed celebramos el trabajo, la vida y las experiencias de distintas personas, muy orgullosas de sus labores, a quienes respeto y admiro mucho. Aqu\u00ed contamos lo que hace cada quien como parte de una cadena que nos afecta a todos de una forma positiva\u00bb, coment\u00f3 Thal\u00eda en su cuenta de YouTube.<\/p>\n<p><iframe loading=\"lazy\" src=\"\/\/www.youtube.com\/embed\/8T6k4VxJn0Y\" width=\"560\" height=\"315\" frameborder=\"0\" allowfullscreen=\"allowfullscreen\"><\/iframe><\/p>\n","protected":false},"excerpt":{"rendered":"<p>Para los que no lo sab\u00edan, la cantante tiene un programa a trav\u00e9s de la web y sum\u00f3 un divertido episodio donde se la vi\u00f3 \u00abcon las manos en la masa\u00bb.\u00a0 Thal\u00eda visit\u00f3 una panader\u00eda mexicana, \u00abLa ideal\u00bb, donde bajo la supervisi\u00f3n del panadero Julio C\u00e9sar Pinto, aprendi\u00f3 a hacer pan dulce. La bella cantante [&hellip;]<\/p>\n","protected":false},"author":9,"featured_media":15660,"comment_status":"closed","ping_status":"closed","sticky":false,"template":"","format":"standard","meta":{"_seopress_robots_primary_cat":"","_seopress_titles_title":"","_seopress_titles_desc":"","_seopress_robots_index":"","footnotes":""},"categories":[4],"tags":[26890,5212,26889],"class_list":{"0":"post-15573","1":"post","2":"type-post","3":"status-publish","4":"format-standard","5":"has-post-thumbnail","7":"category-famosos","8":"tag-thalia-aprendio-a-hacer-pan-dulce","9":"tag-thalia-panadera","10":"tag-thalia-visito-una-panaderia-mexicana-la-ideal"},"_links":{"self":[{"href":"https:\/\/www.cordobatimes.com\/showup\/wp-json\/wp\/v2\/posts\/15573","targetHints":{"allow":["GET"]}}],"collection":[{"href":"https:\/\/www.cordobatimes.com\/showup\/wp-json\/wp\/v2\/posts"}],"about":[{"href":"https:\/\/www.cordobatimes.com\/showup\/wp-json\/wp\/v2\/types\/post"}],"author":[{"embeddable":true,"href":"https:\/\/www.cordobatimes.com\/showup\/wp-json\/wp\/v2\/users\/9"}],"replies":[{"embeddable":true,"href":"https:\/\/www.cordobatimes.com\/showup\/wp-json\/wp\/v2\/comments?post=15573"}],"version-history":[{"count":0,"href":"https:\/\/www.cordobatimes.com\/showup\/wp-json\/wp\/v2\/posts\/15573\/revisions"}],"wp:featuredmedia":[{"embeddable":true,"href":"https:\/\/www.cordobatimes.com\/showup\/wp-json\/wp\/v2\/media\/15660"}],"wp:attachment":[{"href":"https:\/\/www.cordobatimes.com\/showup\/wp-json\/wp\/v2\/media?parent=15573"}],"wp:term":[{"taxonomy":"category","embeddable":true,"href":"https:\/\/www.cordobatimes.com\/showup\/wp-json\/wp\/v2\/categories?post=15573"},{"taxonomy":"post_tag","embeddable":true,"href":"https:\/\/www.cordobatimes.com\/showup\/wp-json\/wp\/v2\/tags?post=15573"}],"curies":[{"name":"wp","href":"https:\/\/api.w.org\/{rel}","templated":true}]}}