{"id":15569,"date":"2014-03-27T13:32:33","date_gmt":"2014-03-27T16:32:33","guid":{"rendered":"http:\/\/cordobatimes.com\/showup\/?p=15569"},"modified":"2019-12-10T16:48:15","modified_gmt":"2019-12-10T19:48:15","slug":"don-omar-cancelo-su-gira-por-europa","status":"publish","type":"post","link":"https:\/\/www.cordobatimes.com\/showup\/musica\/2014\/03\/27\/don-omar-cancelo-su-gira-por-europa\/","title":{"rendered":"Don Omar cancel\u00f3 su gira por Europa"},"content":{"rendered":"<h3 style=\"text-align: justify;\"><strong>El reggaetonero dio de baja su lista de conciertos por el viejo continente debido a un alegado incumplimiento de contrato.<\/strong><\/h3>\n<p style=\"text-align: justify;\">Seg\u00fan un comunicado emitido por los representantes del artista, la empresa que contrat\u00f3 a Don Omar para hacer una serie de conciertos por Europa no cumpli\u00f3 con lo acordado y por ende, el m\u00fasico queda completamente liberado de cualquier responsabilidad.<\/p>\n<p style=\"text-align: justify;\">Los shows estaban pautados para realizarse a finales de este mes en Alemania, Madrid, Noruega y Palma de Mallorca, entre otros lugares.<\/p>\n<p style=\"text-align: justify;\">En dicha misiva, los m\u00e1nagers del cantante alegan que la compa\u00f1\u00eda que lo contrat\u00f3 incumpli\u00f3 con lo acordado en cuanto a los vuelos de Don Omar y de los 20 miembros de su equipo, al igual que con las acomodaciones y las cl\u00e1usulas.<\/p>\n<p style=\"text-align: justify;\">El comunicado tambi\u00e9n aclara que la cancelaci\u00f3n de los conciertos fue para el beneficio del artista, y de la seguridad personal y econ\u00f3mica de los que fan\u00e1ticos que asistir\u00edan a las presentaciones.<\/p>\n","protected":false},"excerpt":{"rendered":"<p>El reggaetonero dio de baja su lista de conciertos por el viejo continente debido a un alegado incumplimiento de contrato. Seg\u00fan un comunicado emitido por los representantes del artista, la empresa que contrat\u00f3 a Don Omar para hacer una serie de conciertos por Europa no cumpli\u00f3 con lo acordado y por ende, el m\u00fasico queda [&hellip;]<\/p>\n","protected":false},"author":9,"featured_media":15632,"comment_status":"closed","ping_status":"closed","sticky":false,"template":"","format":"standard","meta":{"_seopress_robots_primary_cat":"","_seopress_titles_title":"","_seopress_titles_desc":"","_seopress_robots_index":"","footnotes":""},"categories":[5],"tags":[26895,26896],"class_list":{"0":"post-15569","1":"post","2":"type-post","3":"status-publish","4":"format-standard","5":"has-post-thumbnail","7":"category-musica","8":"tag-don-omar-gira-por-europa","9":"tag-don-omar-incumplimiento-de-contrato"},"_links":{"self":[{"href":"https:\/\/www.cordobatimes.com\/showup\/wp-json\/wp\/v2\/posts\/15569","targetHints":{"allow":["GET"]}}],"collection":[{"href":"https:\/\/www.cordobatimes.com\/showup\/wp-json\/wp\/v2\/posts"}],"about":[{"href":"https:\/\/www.cordobatimes.com\/showup\/wp-json\/wp\/v2\/types\/post"}],"author":[{"embeddable":true,"href":"https:\/\/www.cordobatimes.com\/showup\/wp-json\/wp\/v2\/users\/9"}],"replies":[{"embeddable":true,"href":"https:\/\/www.cordobatimes.com\/showup\/wp-json\/wp\/v2\/comments?post=15569"}],"version-history":[{"count":0,"href":"https:\/\/www.cordobatimes.com\/showup\/wp-json\/wp\/v2\/posts\/15569\/revisions"}],"wp:featuredmedia":[{"embeddable":true,"href":"https:\/\/www.cordobatimes.com\/showup\/wp-json\/wp\/v2\/media\/15632"}],"wp:attachment":[{"href":"https:\/\/www.cordobatimes.com\/showup\/wp-json\/wp\/v2\/media?parent=15569"}],"wp:term":[{"taxonomy":"category","embeddable":true,"href":"https:\/\/www.cordobatimes.com\/showup\/wp-json\/wp\/v2\/categories?post=15569"},{"taxonomy":"post_tag","embeddable":true,"href":"https:\/\/www.cordobatimes.com\/showup\/wp-json\/wp\/v2\/tags?post=15569"}],"curies":[{"name":"wp","href":"https:\/\/api.w.org\/{rel}","templated":true}]}}