{"id":15549,"date":"2014-03-26T17:50:49","date_gmt":"2014-03-26T20:50:49","guid":{"rendered":"http:\/\/cordobatimes.com\/showup\/?p=15549"},"modified":"2019-12-10T20:44:28","modified_gmt":"2019-12-10T23:44:28","slug":"rosana-reprogramo-sus-fechas-en-el-pais","status":"publish","type":"post","link":"https:\/\/www.cordobatimes.com\/showup\/agenda\/2014\/03\/26\/rosana-reprogramo-sus-fechas-en-el-pais\/","title":{"rendered":"Rosana reprogram\u00f3 sus fechas en el pa\u00eds"},"content":{"rendered":"<h3 style=\"text-align: justify;\"><strong>La cantante se lastim\u00f3 la rodilla y no podr\u00e1 presentarse c\u00f3mo ten\u00eda previsto en Buenos Aires, C\u00f3rdoba y Mendoza, entre otras ciudades. Todos los detalles sobre su salud y cu\u00e1ndo ser\u00e1n los conciertos, en esta nota.\u00a0<\/strong><\/h3>\n<p style=\"text-align: justify;\">S\u00f3lo faltaban d\u00edas para que \u00a0comience la gira de Rosana por la Argentina cuando tuvo que reprogramar sus presentaciones. Una lesi\u00f3n en la rodilla es el motivo por el que no puede actuar en vivo.<\/p>\n<p style=\"text-align: justify;\">Por su problema de salud debe volver a Espa\u00f1a para operarse. Sus m\u00e9dicos le recomendaron que lo haga cuanto antes, seg\u00fan inform\u00f3 la producci\u00f3n de sus recitales.<\/p>\n<p style=\"text-align: justify;\">El show en C\u00f3rdoba estaba con fecha 3 de abril pero luego de este imprevisto fue reprogramado para el 7 de agosto en el Espacio Quality.<\/p>\n<p style=\"text-align: justify;\"><span style=\"text-decoration: underline;\"><strong>La lista de shows reprogramados es:<\/strong><\/span><br \/>\n&#8211; Buenos Aires, Teatro Gran Rex, 9 de Agosto<br \/>\n&#8211; C\u00f3rdoba, Espacio Quality, 7 de Agosto<br \/>\n&#8211; San Juan, 17 de Julio<br \/>\n&#8211; Mendoza, 18 de Julio<br \/>\n&#8211; Salta, 24 de Julio<br \/>\n&#8211; Tucum\u00e1n, 25 de Julio<br \/>\n&#8211; Santiago del Estero, 26 de Julio<\/p>\n<p style=\"text-align: justify;\">Las entradas compradas para los recitales anunciados son v\u00e1lidas para los que fueron reprogramados. Quienes no pueden asistir en las nuevas fechas pueden pedir la devoluci\u00f3n del dinero en los mismos lugares que compraron los tickets.<\/p>\n","protected":false},"excerpt":{"rendered":"<p>La cantante se lastim\u00f3 la rodilla y no podr\u00e1 presentarse c\u00f3mo ten\u00eda previsto en Buenos Aires, C\u00f3rdoba y Mendoza, entre otras ciudades. Todos los detalles sobre su salud y cu\u00e1ndo ser\u00e1n los conciertos, en esta nota.\u00a0 S\u00f3lo faltaban d\u00edas para que \u00a0comience la gira de Rosana por la Argentina cuando tuvo que reprogramar sus presentaciones. [&hellip;]<\/p>\n","protected":false},"author":9,"featured_media":15550,"comment_status":"closed","ping_status":"closed","sticky":false,"template":"","format":"standard","meta":{"_seopress_robots_primary_cat":"","_seopress_titles_title":"","_seopress_titles_desc":"","_seopress_robots_index":"","footnotes":""},"categories":[6],"tags":[26919,5170],"class_list":{"0":"post-15549","1":"post","2":"type-post","3":"status-publish","4":"format-standard","5":"has-post-thumbnail","7":"category-agenda","8":"tag-rosana-en-argentina","9":"tag-rosana-en-cordoba"},"_links":{"self":[{"href":"https:\/\/www.cordobatimes.com\/showup\/wp-json\/wp\/v2\/posts\/15549","targetHints":{"allow":["GET"]}}],"collection":[{"href":"https:\/\/www.cordobatimes.com\/showup\/wp-json\/wp\/v2\/posts"}],"about":[{"href":"https:\/\/www.cordobatimes.com\/showup\/wp-json\/wp\/v2\/types\/post"}],"author":[{"embeddable":true,"href":"https:\/\/www.cordobatimes.com\/showup\/wp-json\/wp\/v2\/users\/9"}],"replies":[{"embeddable":true,"href":"https:\/\/www.cordobatimes.com\/showup\/wp-json\/wp\/v2\/comments?post=15549"}],"version-history":[{"count":0,"href":"https:\/\/www.cordobatimes.com\/showup\/wp-json\/wp\/v2\/posts\/15549\/revisions"}],"wp:featuredmedia":[{"embeddable":true,"href":"https:\/\/www.cordobatimes.com\/showup\/wp-json\/wp\/v2\/media\/15550"}],"wp:attachment":[{"href":"https:\/\/www.cordobatimes.com\/showup\/wp-json\/wp\/v2\/media?parent=15549"}],"wp:term":[{"taxonomy":"category","embeddable":true,"href":"https:\/\/www.cordobatimes.com\/showup\/wp-json\/wp\/v2\/categories?post=15549"},{"taxonomy":"post_tag","embeddable":true,"href":"https:\/\/www.cordobatimes.com\/showup\/wp-json\/wp\/v2\/tags?post=15549"}],"curies":[{"name":"wp","href":"https:\/\/api.w.org\/{rel}","templated":true}]}}