{"id":15544,"date":"2014-03-26T17:14:23","date_gmt":"2014-03-26T20:14:23","guid":{"rendered":"http:\/\/cordobatimes.com\/showup\/?p=15544"},"modified":"2019-12-10T21:01:23","modified_gmt":"2019-12-11T00:01:23","slug":"hoy-se-cumplen-26-anos-de-la-muerte-de-miguel-abuelo","status":"publish","type":"post","link":"https:\/\/www.cordobatimes.com\/showup\/famosos\/2014\/03\/26\/hoy-se-cumplen-26-anos-de-la-muerte-de-miguel-abuelo\/","title":{"rendered":"Hoy se cumplen 26 a\u00f1os de la muerte de Miguel Abuelo"},"content":{"rendered":"<h3 style=\"text-align: justify;\"><strong>Fue una de las figuras m\u00e1s destacadas de nuestro rock. M\u00fasico, poeta y\u00a0l\u00edder\u00a0de Los Abuelos de la Nada, un 26 de marzo de 1988 mor\u00eda para dejar la tierra y musicalizar las nubes. No te pierdas este peque\u00f1o homenaje.\u00a0<\/strong><\/h3>\n<p style=\"text-align: justify;\">Naci\u00f3 el 21 de marzo de 1946 en la maternidad del Hospital Torn\u00fa de la ciudad de Buenos Aires, y en 1966 conoci\u00f3 a Pipo Lernoud, Mauricio \u201cMoris\u201d Birabent y Pajarito Zaguri en la Pensi\u00f3n Norte, donde ensayaban los Beatniks, una de las bandas fundacionales del rock argentino.<\/p>\n<p style=\"text-align: justify;\">Miguel comenz\u00f3 a frecuentar La Cueva, un bar-teatro de la calle Pueyrred\u00f3n, y en 1967 form\u00f3 \u00abLos Abuelos de la Nada\u00bb, inspirado en una frase del libro de Leopoldo Marechal, \u201cEl Banquete de Severo Arc\u00e1ngelo\u201d que dec\u00eda: \u201cpadre de los piojos, abuelo de la nada\u201d.<\/p>\n<p style=\"text-align: justify;\">La banda estaba conformada por Eduardo \u201cMayoneso\u201d Fanacoa (teclados), Miky Lara (guitarra r\u00edtmica), Alberto \u201cAbuelo\u201d Lara (bajo) y H\u00e9ctor \u201cPomo\u201d Lorenzo (bater\u00eda) y ante la falta de una guitarra l\u00edder, Claudio Gabis, futuro guitarrista de Manal, colaborar\u00eda con la grabaci\u00f3n del primer single: \u201cDiana Divaga\u201d. Sin embargo, el papel de la guitarra ser\u00eda ocupado, posteriormente para el segundo tema difusi\u00f3n, por nadie m\u00e1s que Norberto An\u00edbal Napolitano, Pappo.<\/p>\n<p style=\"text-align: justify;\">En 1971 se radic\u00f3 en Francia. All\u00ed edit\u00f3 varios discos, entre los cuales se destaca \u201cMiguel Abuelo et Nada\u201d. Vivi\u00f3 en Europa hasta 1981, cuando de vuelta en Argentina resucit\u00f3 a \u201cLos Abuelos\u2026\u201d, aunque con otra formaci\u00f3n: Cachorro L\u00f3pez, Gustavo Bazterrica, Daniel Melingo, Polo Corbella y Andr\u00e9s Calamaro. Con esta banda grab\u00f3 cinco discos, entre 1982 y 1986. Paralelamente, grab\u00f3 \u201cBuen d\u00eda, d\u00eda\u201d (1984), una recopilaci\u00f3n de sus \u00faltimos trabajos solista.<\/p>\n<p style=\"text-align: justify;\">\u201cMariposas de madera\u201d fue editado en 1970, pero era un tema que Miguel ven\u00eda cantando desde hac\u00eda mucho tiempo antes. De hecho, Luis Alberto Spinetta, admirador de la poes\u00eda de Abuelo, alguna vez dijo: \u201cSi no hubiesen existido mariposas de madera no habr\u00eda una muchacha ojos de papel\u201d.<\/p>\n<p style=\"text-align: justify;\">\u201cMiguel Abuelo es un faro de poes\u00eda y actitud, para todos aquellos barcos (metaf\u00f3ricamente) que prefieran no encallar en las costas de la \u2018mediocracia\u2019, es un grifo de poes\u00eda nacional y universal, de sentido\u201d, escribi\u00f3 hace algunos a\u00f1os Andr\u00e9s Calamaro, uno de sus m\u00e1s fervientes admiradores.<\/p>\n<p><iframe loading=\"lazy\" src=\"https:\/\/www.youtube.com\/embed\/KiZgw5WYln0\" width=\"560\" height=\"315\" frameborder=\"0\" allowfullscreen=\"allowfullscreen\"><\/iframe><\/p>\n<p><iframe loading=\"lazy\" src=\"https:\/\/www.youtube.com\/embed\/CUdw-urZ3zg\" width=\"560\" height=\"315\" frameborder=\"0\" allowfullscreen=\"allowfullscreen\"><\/iframe><\/p>\n","protected":false},"excerpt":{"rendered":"<p>Fue una de las figuras m\u00e1s destacadas de nuestro rock. M\u00fasico, poeta y\u00a0l\u00edder\u00a0de Los Abuelos de la Nada, un 26 de marzo de 1988 mor\u00eda para dejar la tierra y musicalizar las nubes. No te pierdas este peque\u00f1o homenaje.\u00a0 Naci\u00f3 el 21 de marzo de 1946 en la maternidad del Hospital Torn\u00fa de la ciudad [&hellip;]<\/p>\n","protected":false},"author":9,"featured_media":15546,"comment_status":"closed","ping_status":"closed","sticky":false,"template":"","format":"standard","meta":{"_seopress_robots_primary_cat":"","_seopress_titles_title":"","_seopress_titles_desc":"","_seopress_robots_index":"","footnotes":""},"categories":[4],"tags":[26921,26920],"class_list":{"0":"post-15544","1":"post","2":"type-post","3":"status-publish","4":"format-standard","5":"has-post-thumbnail","7":"category-famosos","8":"tag-lider-de-los-abuelos-de-la-nada","9":"tag-muerte-de-miguel-abuelo"},"_links":{"self":[{"href":"https:\/\/www.cordobatimes.com\/showup\/wp-json\/wp\/v2\/posts\/15544","targetHints":{"allow":["GET"]}}],"collection":[{"href":"https:\/\/www.cordobatimes.com\/showup\/wp-json\/wp\/v2\/posts"}],"about":[{"href":"https:\/\/www.cordobatimes.com\/showup\/wp-json\/wp\/v2\/types\/post"}],"author":[{"embeddable":true,"href":"https:\/\/www.cordobatimes.com\/showup\/wp-json\/wp\/v2\/users\/9"}],"replies":[{"embeddable":true,"href":"https:\/\/www.cordobatimes.com\/showup\/wp-json\/wp\/v2\/comments?post=15544"}],"version-history":[{"count":0,"href":"https:\/\/www.cordobatimes.com\/showup\/wp-json\/wp\/v2\/posts\/15544\/revisions"}],"wp:featuredmedia":[{"embeddable":true,"href":"https:\/\/www.cordobatimes.com\/showup\/wp-json\/wp\/v2\/media\/15546"}],"wp:attachment":[{"href":"https:\/\/www.cordobatimes.com\/showup\/wp-json\/wp\/v2\/media?parent=15544"}],"wp:term":[{"taxonomy":"category","embeddable":true,"href":"https:\/\/www.cordobatimes.com\/showup\/wp-json\/wp\/v2\/categories?post=15544"},{"taxonomy":"post_tag","embeddable":true,"href":"https:\/\/www.cordobatimes.com\/showup\/wp-json\/wp\/v2\/tags?post=15544"}],"curies":[{"name":"wp","href":"https:\/\/api.w.org\/{rel}","templated":true}]}}