{"id":15430,"date":"2014-03-25T15:17:00","date_gmt":"2014-03-25T18:17:00","guid":{"rendered":"http:\/\/cordobatimes.com\/showup\/?p=15430"},"modified":"2019-12-11T08:04:27","modified_gmt":"2019-12-11T11:04:27","slug":"quien-fue-el-cantante-que-se-realizo-este-tatuaje","status":"publish","type":"post","link":"https:\/\/www.cordobatimes.com\/showup\/famosos\/2014\/03\/25\/quien-fue-el-cantante-que-se-realizo-este-tatuaje\/","title":{"rendered":"\u00bfQui\u00e9n fue el cantante que se realiz\u00f3 este tatuaje?"},"content":{"rendered":"<h3 style=\"text-align: justify;\"><strong style=\"font-size: 1.17em;\">Justin Bieber, acostumbra a dejar marcas en su cuerpo, pero con el \u00faltimo tatoo sorprendi\u00f3 a m\u00e1s de uno.\u00a0<\/strong><\/h3>\n<p style=\"text-align: justify;\">El tatuaje dice \u201cForgive\u201d, que significa \u201cPerdonar\u201d en espa\u00f1ol, y todos nos preguntamos\u2026 \u00bfQu\u00e9 fue lo que tuvo que perdonar Justin que fue tan significativo para \u00e9l como para tatu\u00e1rselo en la piel para siempre?<\/p>\n<p style=\"text-align: justify;\">Este tatuaje no se lo hizo ni en su casa, ni en el estudio de su tatuador sino\u2026 \u00a0mientras volaba en su avi\u00f3n privado. T\u00edpico de un cantante que busca siempre marcar tendencia y demostrar cu\u00e1n exc\u00e9ntrica es su vida.<\/p>\n<h3><a href=\"http:\/\/cordobatimes.com\/showup\/wp-content\/uploads\/2014\/03\/justin-1.jpg\"><img loading=\"lazy\" decoding=\"async\" src=\"http:\/\/cordobatimes.com\/showup\/wp-content\/uploads\/2014\/03\/justin-1.jpg\" alt=\"justin 1\" width=\"600\" height=\"750\" data-id=\"15455\" \/><\/a><\/h3>\n<p style=\"text-align: justify;\"><a href=\"http:\/\/cordobatimes.com\/showup\/wp-content\/uploads\/2014\/03\/justin-2.jpg\"><img loading=\"lazy\" decoding=\"async\" class=\"alignnone wp-image-15456\" src=\"http:\/\/cordobatimes.com\/showup\/wp-content\/uploads\/2014\/03\/justin-2.jpg\" alt=\"justin 2\" width=\"600\" height=\"800\" data-id=\"15456\" srcset=\"https:\/\/www.cordobatimes.com\/showup\/wp-content\/uploads\/2014\/03\/justin-2.jpg 480w, https:\/\/www.cordobatimes.com\/showup\/wp-content\/uploads\/2014\/03\/justin-2-225x300.jpg 225w\" sizes=\"auto, (max-width: 600px) 100vw, 600px\" \/><\/a><\/p>\n","protected":false},"excerpt":{"rendered":"<p>Justin Bieber, acostumbra a dejar marcas en su cuerpo, pero con el \u00faltimo tatoo sorprendi\u00f3 a m\u00e1s de uno.\u00a0 El tatuaje dice \u201cForgive\u201d, que significa \u201cPerdonar\u201d en espa\u00f1ol, y todos nos preguntamos\u2026 \u00bfQu\u00e9 fue lo que tuvo que perdonar Justin que fue tan significativo para \u00e9l como para tatu\u00e1rselo en la piel para siempre? Este [&hellip;]<\/p>\n","protected":false},"author":9,"featured_media":15454,"comment_status":"closed","ping_status":"closed","sticky":false,"template":"","format":"standard","meta":{"_seopress_robots_primary_cat":"","_seopress_titles_title":"","_seopress_titles_desc":"","_seopress_robots_index":"","footnotes":""},"categories":[4],"tags":[26941,26940],"class_list":{"0":"post-15430","1":"post","2":"type-post","3":"status-publish","4":"format-standard","5":"has-post-thumbnail","7":"category-famosos","8":"tag-justin-bieber-forgive","9":"tag-tatuajes-de-justin-bieber"},"_links":{"self":[{"href":"https:\/\/www.cordobatimes.com\/showup\/wp-json\/wp\/v2\/posts\/15430","targetHints":{"allow":["GET"]}}],"collection":[{"href":"https:\/\/www.cordobatimes.com\/showup\/wp-json\/wp\/v2\/posts"}],"about":[{"href":"https:\/\/www.cordobatimes.com\/showup\/wp-json\/wp\/v2\/types\/post"}],"author":[{"embeddable":true,"href":"https:\/\/www.cordobatimes.com\/showup\/wp-json\/wp\/v2\/users\/9"}],"replies":[{"embeddable":true,"href":"https:\/\/www.cordobatimes.com\/showup\/wp-json\/wp\/v2\/comments?post=15430"}],"version-history":[{"count":0,"href":"https:\/\/www.cordobatimes.com\/showup\/wp-json\/wp\/v2\/posts\/15430\/revisions"}],"wp:featuredmedia":[{"embeddable":true,"href":"https:\/\/www.cordobatimes.com\/showup\/wp-json\/wp\/v2\/media\/15454"}],"wp:attachment":[{"href":"https:\/\/www.cordobatimes.com\/showup\/wp-json\/wp\/v2\/media?parent=15430"}],"wp:term":[{"taxonomy":"category","embeddable":true,"href":"https:\/\/www.cordobatimes.com\/showup\/wp-json\/wp\/v2\/categories?post=15430"},{"taxonomy":"post_tag","embeddable":true,"href":"https:\/\/www.cordobatimes.com\/showup\/wp-json\/wp\/v2\/tags?post=15430"}],"curies":[{"name":"wp","href":"https:\/\/api.w.org\/{rel}","templated":true}]}}