{"id":15410,"date":"2014-03-25T19:38:24","date_gmt":"2014-03-25T22:38:24","guid":{"rendered":"http:\/\/cordobatimes.com\/showup\/?p=15410"},"modified":"2019-12-11T07:52:15","modified_gmt":"2019-12-11T10:52:15","slug":"american-horror-story-se-viene-la-4ta-temporada","status":"publish","type":"post","link":"https:\/\/www.cordobatimes.com\/showup\/cine-y-series\/2014\/03\/25\/american-horror-story-se-viene-la-4ta-temporada\/","title":{"rendered":"American Horror Story: se viene la 4ta temporada"},"content":{"rendered":"<h3 style=\"text-align: justify;\"><strong>Primero fue una casa encantada en nuestros d\u00edas, luego un manicomio en los sesenta, y la \u00faltima, las brujas y el vud\u00fa de la tercera temporada. Ahora es tiempo de carnaval.<\/strong><\/h3>\n<p style=\"text-align: justify;\">Ryan Murphy ha anunciado que la cuarta temporada de \u00abAmerican Horror Story\u00bb ser\u00e1 un \u00abfreak show\u00bb.<\/p>\n<p style=\"text-align: justify;\">Hace unas semanas el equipo de la terror\u00edfica ficci\u00f3n de FX confirmaba que la nueva entrega tendr\u00e1 13 nuevos episodios con el carnaval como eje central.<\/p>\n<p style=\"text-align: justify;\">Ahora, el propio Murphy a trav\u00e9s de su cuenta oficial de Twitter ha develado el subt\u00edtulo de la nueva temporada: \u00abFreak Show\u00bb.<\/p>\n<p style=\"text-align: justify;\">De hecho, una de las bases de la nueva tanda de episodios ser\u00e1 el cl\u00e1sico de terror de Todd Browning, Freaks (1932). Por el momento, la trama de la serie se desarrollar\u00e1 en un circo ambulante en 1950.<\/p>\n<p style=\"text-align: justify;\">Las primeras confirmaciones anunciadas para American Horror Story: Freak Show son la de Jessica Lange, cuya aparici\u00f3n en la cuarta entrega ser\u00e1 la \u00faltima, con un personaje con \u00abacento alem\u00e1n\u00bb que la actriz ya ha \u00abcomenzado a practicar\u00bb.<\/p>\n<p style=\"text-align: justify;\">Junto a ella forman parte del reparto, de momento, Angela Bassett, Kathy Bates y Sarah Paulson, quien est\u00e1 llevando a cabo un misterioso entrenamiento para dar vida a su nuevo personaje.<\/p>\n","protected":false},"excerpt":{"rendered":"<p>Primero fue una casa encantada en nuestros d\u00edas, luego un manicomio en los sesenta, y la \u00faltima, las brujas y el vud\u00fa de la tercera temporada. Ahora es tiempo de carnaval. Ryan Murphy ha anunciado que la cuarta temporada de \u00abAmerican Horror Story\u00bb ser\u00e1 un \u00abfreak show\u00bb. Hace unas semanas el equipo de la terror\u00edfica [&hellip;]<\/p>\n","protected":false},"author":9,"featured_media":15474,"comment_status":"closed","ping_status":"closed","sticky":false,"template":"","format":"standard","meta":{"_seopress_robots_primary_cat":"","_seopress_titles_title":"","_seopress_titles_desc":"","_seopress_robots_index":"","footnotes":""},"categories":[3],"tags":[26936,26938,26937],"class_list":{"0":"post-15410","1":"post","2":"type-post","3":"status-publish","4":"format-standard","5":"has-post-thumbnail","7":"category-cine-y-series","8":"tag-cuarta-temporada-de-american-horror-story","9":"tag-serie-american-horror-story","10":"tag-temporadas-de-american-horror-story"},"_links":{"self":[{"href":"https:\/\/www.cordobatimes.com\/showup\/wp-json\/wp\/v2\/posts\/15410","targetHints":{"allow":["GET"]}}],"collection":[{"href":"https:\/\/www.cordobatimes.com\/showup\/wp-json\/wp\/v2\/posts"}],"about":[{"href":"https:\/\/www.cordobatimes.com\/showup\/wp-json\/wp\/v2\/types\/post"}],"author":[{"embeddable":true,"href":"https:\/\/www.cordobatimes.com\/showup\/wp-json\/wp\/v2\/users\/9"}],"replies":[{"embeddable":true,"href":"https:\/\/www.cordobatimes.com\/showup\/wp-json\/wp\/v2\/comments?post=15410"}],"version-history":[{"count":0,"href":"https:\/\/www.cordobatimes.com\/showup\/wp-json\/wp\/v2\/posts\/15410\/revisions"}],"wp:featuredmedia":[{"embeddable":true,"href":"https:\/\/www.cordobatimes.com\/showup\/wp-json\/wp\/v2\/media\/15474"}],"wp:attachment":[{"href":"https:\/\/www.cordobatimes.com\/showup\/wp-json\/wp\/v2\/media?parent=15410"}],"wp:term":[{"taxonomy":"category","embeddable":true,"href":"https:\/\/www.cordobatimes.com\/showup\/wp-json\/wp\/v2\/categories?post=15410"},{"taxonomy":"post_tag","embeddable":true,"href":"https:\/\/www.cordobatimes.com\/showup\/wp-json\/wp\/v2\/tags?post=15410"}],"curies":[{"name":"wp","href":"https:\/\/api.w.org\/{rel}","templated":true}]}}