{"id":14853,"date":"2014-03-18T17:00:55","date_gmt":"2014-03-18T20:00:55","guid":{"rendered":"http:\/\/cordobatimes.com\/showup\/?p=14853"},"modified":"2019-12-13T21:27:49","modified_gmt":"2019-12-14T00:27:49","slug":"tomasito-suller-denuncio-a-guido-por-agresiones-fotos","status":"publish","type":"post","link":"https:\/\/www.cordobatimes.com\/showup\/famosos\/2014\/03\/18\/tomasito-suller-denuncio-a-guido-por-agresiones-fotos\/","title":{"rendered":"Tomasito S\u00fcller denunci\u00f3 a Guido por agresiones (Fotos)"},"content":{"rendered":"<h3 style=\"text-align: justify;\"><strong>El \u00abhijo del coraz\u00f3n\u00bb del hermano de Silvia S\u00fcller, cont\u00f3 detalles de c\u00f3mo se transform\u00f3 la relaci\u00f3n en este \u00faltimo tiempo. De una convivencia feliz a los golpes.<\/strong><\/h3>\n<p style=\"text-align: justify;\">El cordob\u00e9s describi\u00f3 a \u00abEl Sensacional\u00bb que luego de empeorar su relaci\u00f3n el medi\u00e1tico decidi\u00f3 que no vivieran m\u00e1s juntos y le alquil\u00f3 un departamento en Palermo comprometi\u00e9ndose a cobrarle lo mismo hasta el 2014.<\/p>\n<p style=\"text-align: justify;\">Pero la historia dio un giro brusco con violencia incluida. Tomasito comenz\u00f3 a entablar una relaci\u00f3n con Mat\u00edas, un uruguayo que trabaja en un comercio en Montevideo y que conoci\u00f3 por Facebook. \u201cPegamos buena onda, viaj\u00e9 a Uruguay para hacer una presencia en un boliche y nos vimos. Pasamos el d\u00eda de los enamorados juntos\u201d, cont\u00f3.<\/p>\n<p style=\"text-align: justify;\">Seg\u00fan denunci\u00f3 el joven, a Guido no le habr\u00eda gustado en absoluto la idea de que su \u201chijo del coraz\u00f3n\u201d comenzara una nueva relaci\u00f3n sin su permiso. \u201cEmpez\u00f3 a cambiar su trato hacia mi persona a partir de febrero, amenaz\u00e1ndome con dejarme en la calle porque no pod\u00eda entender, ni soportar, que yo haya re hecho mi vida con otra persona. El discurso fue el de echarme indirectamente pas\u00e1ndome a cobrar de 3 mil a 8 mil pesos mensuales por el monoambiente en el cual vivo, lleno de despecho , rencor y venganza\u201d, dispar\u00f3.<\/p>\n<p style=\"text-align: justify;\">Pero el primer episodio de violencia entre \u201cpadre\u201d e \u201chijo\u201d sucedi\u00f3 en enero del 2013, cuando se hab\u00edan ido juntos a vacacionar a la costa. De hecho Tomasito le env\u00edo las fotos a El Sensacional para corroborar este hecho de violencia pero aclar\u00f3 que no quiso decir nada por el amor que le ten\u00eda. \u201cLas im\u00e1genes son de los hematomas que me quedaron cuando me peg\u00f3 en aquellas vacaciones en Mar del Plata. Son de diferentes d\u00edas, me iba sacando fotos para ver c\u00f3mo se me iban las marcas\u201d, explic\u00f3 Tomasito.<\/p>\n<p style=\"text-align: justify;\"><a href=\"http:\/\/cordobatimes.com\/showup\/wp-content\/uploads\/2014\/03\/tomasito.jpg\"><img loading=\"lazy\" decoding=\"async\" class=\"alignnone size-full wp-image-14886\" src=\"http:\/\/cordobatimes.com\/showup\/wp-content\/uploads\/2014\/03\/tomasito.jpg\" alt=\"tomasito\" width=\"480\" height=\"640\" data-id=\"14886\" srcset=\"https:\/\/www.cordobatimes.com\/showup\/wp-content\/uploads\/2014\/03\/tomasito.jpg 480w, https:\/\/www.cordobatimes.com\/showup\/wp-content\/uploads\/2014\/03\/tomasito-225x300.jpg 225w\" sizes=\"auto, (max-width: 480px) 100vw, 480px\" \/><\/a><\/p>\n<p style=\"text-align: justify;\"><a href=\"http:\/\/cordobatimes.com\/showup\/wp-content\/uploads\/2014\/03\/tomasito-1.jpg\"><img loading=\"lazy\" decoding=\"async\" class=\"alignnone size-full wp-image-14887\" src=\"http:\/\/cordobatimes.com\/showup\/wp-content\/uploads\/2014\/03\/tomasito-1.jpg\" alt=\"tomasito 1\" width=\"480\" height=\"488\" data-id=\"14887\" srcset=\"https:\/\/www.cordobatimes.com\/showup\/wp-content\/uploads\/2014\/03\/tomasito-1.jpg 480w, https:\/\/www.cordobatimes.com\/showup\/wp-content\/uploads\/2014\/03\/tomasito-1-295x300.jpg 295w\" sizes=\"auto, (max-width: 480px) 100vw, 480px\" \/><\/a><\/p>\n","protected":false},"excerpt":{"rendered":"<p>El \u00abhijo del coraz\u00f3n\u00bb del hermano de Silvia S\u00fcller, cont\u00f3 detalles de c\u00f3mo se transform\u00f3 la relaci\u00f3n en este \u00faltimo tiempo. De una convivencia feliz a los golpes. El cordob\u00e9s describi\u00f3 a \u00abEl Sensacional\u00bb que luego de empeorar su relaci\u00f3n el medi\u00e1tico decidi\u00f3 que no vivieran m\u00e1s juntos y le alquil\u00f3 un departamento en Palermo [&hellip;]<\/p>\n","protected":false},"author":9,"featured_media":14889,"comment_status":"closed","ping_status":"closed","sticky":false,"template":"","format":"standard","meta":{"_seopress_robots_primary_cat":"","_seopress_titles_title":"","_seopress_titles_desc":"","_seopress_robots_index":"","footnotes":""},"categories":[4],"tags":[27062,27063,27061],"class_list":{"0":"post-14853","1":"post","2":"type-post","3":"status-publish","4":"format-standard","5":"has-post-thumbnail","7":"category-famosos","8":"tag-agresiones-de-guido-suller-a-tomasito-suller","9":"tag-guido-y-tomasito","10":"tag-tomasito-suller-guido-suller"},"_links":{"self":[{"href":"https:\/\/www.cordobatimes.com\/showup\/wp-json\/wp\/v2\/posts\/14853","targetHints":{"allow":["GET"]}}],"collection":[{"href":"https:\/\/www.cordobatimes.com\/showup\/wp-json\/wp\/v2\/posts"}],"about":[{"href":"https:\/\/www.cordobatimes.com\/showup\/wp-json\/wp\/v2\/types\/post"}],"author":[{"embeddable":true,"href":"https:\/\/www.cordobatimes.com\/showup\/wp-json\/wp\/v2\/users\/9"}],"replies":[{"embeddable":true,"href":"https:\/\/www.cordobatimes.com\/showup\/wp-json\/wp\/v2\/comments?post=14853"}],"version-history":[{"count":0,"href":"https:\/\/www.cordobatimes.com\/showup\/wp-json\/wp\/v2\/posts\/14853\/revisions"}],"wp:featuredmedia":[{"embeddable":true,"href":"https:\/\/www.cordobatimes.com\/showup\/wp-json\/wp\/v2\/media\/14889"}],"wp:attachment":[{"href":"https:\/\/www.cordobatimes.com\/showup\/wp-json\/wp\/v2\/media?parent=14853"}],"wp:term":[{"taxonomy":"category","embeddable":true,"href":"https:\/\/www.cordobatimes.com\/showup\/wp-json\/wp\/v2\/categories?post=14853"},{"taxonomy":"post_tag","embeddable":true,"href":"https:\/\/www.cordobatimes.com\/showup\/wp-json\/wp\/v2\/tags?post=14853"}],"curies":[{"name":"wp","href":"https:\/\/api.w.org\/{rel}","templated":true}]}}