{"id":14702,"date":"2014-03-17T13:09:22","date_gmt":"2014-03-17T16:09:22","guid":{"rendered":"http:\/\/cordobatimes.com\/showup\/?p=14702"},"modified":"2019-12-14T13:27:16","modified_gmt":"2019-12-14T16:27:16","slug":"flor-de-la-v-sigue-de-luto-ahora-subio-un-tierno-video-con-el-modisto","status":"publish","type":"post","link":"https:\/\/www.cordobatimes.com\/showup\/famosos\/2014\/03\/17\/flor-de-la-v-sigue-de-luto-ahora-subio-un-tierno-video-con-el-modisto\/","title":{"rendered":"Flor de la V sigue de luto: ahora subi\u00f3 un tierno video con el modisto"},"content":{"rendered":"<h3 style=\"text-align: justify;\"><strong>La gran amiga del modisto recientemente fallecido, sigue sin consuelo ante tama\u00f1a p\u00e9rdida. En esta nota te contamos c\u00f3mo vive la fatal noticia.<\/strong><\/h3>\n<p style=\"text-align: justify;\">La conductora y productora, Florencia de la V comparti\u00f3 con todos sus seguidores a trav\u00e9s de su cuenta oficial de twitter, un tierno video que los muestra contentos y super alegres. Asi como ella lo quiere tener en su memoria.<\/p>\n<p style=\"text-align: justify;\">Recordemos que Jorge Ib\u00e1\u00f1ez fue encontrado sin vida en su departamento del barrio de Recoleta y aparentemente la causa de su muerte habr\u00eda sido una falla card\u00edaca.<\/p>\n<p style=\"text-align: justify;\">No te pierdas el emocionante tweet.<\/p>\n<p>&nbsp;<\/p>\n<blockquote class=\"twitter-tweet\" data-lang=\"es\">\n<p dir=\"ltr\" lang=\"es\">Sandra Mihanovich &#8211; (Opera 2012): <a href=\"http:\/\/t.co\/8RizyUdfWI\">http:\/\/t.co\/8RizyUdfWI<\/a> v\u00eda <a href=\"https:\/\/twitter.com\/YouTube?ref_src=twsrc%5Etfw\">@YouTube<\/a> \/ Ah\u00ed en primera fila cantamos y bailamos. As\u00ed te recordare Feliche.<\/p>\n<p>\u2014 Flor De La Ve (@Flordelav) <a href=\"https:\/\/twitter.com\/Flordelav\/status\/445189840955379712?ref_src=twsrc%5Etfw\">16 de marzo de 2014<\/a><\/p><\/blockquote>\n<p><script async src=\"https:\/\/platform.twitter.com\/widgets.js\" charset=\"utf-8\"><\/script><\/p>\n","protected":false},"excerpt":{"rendered":"<p>La gran amiga del modisto recientemente fallecido, sigue sin consuelo ante tama\u00f1a p\u00e9rdida. En esta nota te contamos c\u00f3mo vive la fatal noticia. La conductora y productora, Florencia de la V comparti\u00f3 con todos sus seguidores a trav\u00e9s de su cuenta oficial de twitter, un tierno video que los muestra contentos y super alegres. Asi [&hellip;]<\/p>\n","protected":false},"author":9,"featured_media":14739,"comment_status":"closed","ping_status":"closed","sticky":false,"template":"","format":"standard","meta":{"_seopress_robots_primary_cat":"","_seopress_titles_title":"","_seopress_titles_desc":"","_seopress_robots_index":"","footnotes":""},"categories":[4],"tags":[26333,27076],"class_list":{"0":"post-14702","1":"post","2":"type-post","3":"status-publish","4":"format-standard","5":"has-post-thumbnail","7":"category-famosos","8":"tag-flor-de-la-v-jorge-ibanez","9":"tag-muerte-de-jorge-ibanez"},"_links":{"self":[{"href":"https:\/\/www.cordobatimes.com\/showup\/wp-json\/wp\/v2\/posts\/14702","targetHints":{"allow":["GET"]}}],"collection":[{"href":"https:\/\/www.cordobatimes.com\/showup\/wp-json\/wp\/v2\/posts"}],"about":[{"href":"https:\/\/www.cordobatimes.com\/showup\/wp-json\/wp\/v2\/types\/post"}],"author":[{"embeddable":true,"href":"https:\/\/www.cordobatimes.com\/showup\/wp-json\/wp\/v2\/users\/9"}],"replies":[{"embeddable":true,"href":"https:\/\/www.cordobatimes.com\/showup\/wp-json\/wp\/v2\/comments?post=14702"}],"version-history":[{"count":0,"href":"https:\/\/www.cordobatimes.com\/showup\/wp-json\/wp\/v2\/posts\/14702\/revisions"}],"wp:featuredmedia":[{"embeddable":true,"href":"https:\/\/www.cordobatimes.com\/showup\/wp-json\/wp\/v2\/media\/14739"}],"wp:attachment":[{"href":"https:\/\/www.cordobatimes.com\/showup\/wp-json\/wp\/v2\/media?parent=14702"}],"wp:term":[{"taxonomy":"category","embeddable":true,"href":"https:\/\/www.cordobatimes.com\/showup\/wp-json\/wp\/v2\/categories?post=14702"},{"taxonomy":"post_tag","embeddable":true,"href":"https:\/\/www.cordobatimes.com\/showup\/wp-json\/wp\/v2\/tags?post=14702"}],"curies":[{"name":"wp","href":"https:\/\/api.w.org\/{rel}","templated":true}]}}