{"id":14695,"date":"2014-03-17T12:57:09","date_gmt":"2014-03-17T15:57:09","guid":{"rendered":"http:\/\/cordobatimes.com\/showup\/?p=14695"},"modified":"2019-12-14T13:43:22","modified_gmt":"2019-12-14T16:43:22","slug":"violetta-es-la-nueva-embajadora-cultural-de-la-ciudad-de-buenos-aires","status":"publish","type":"post","link":"https:\/\/www.cordobatimes.com\/showup\/famosos\/2014\/03\/17\/violetta-es-la-nueva-embajadora-cultural-de-la-ciudad-de-buenos-aires\/","title":{"rendered":"Violetta es la nueva \u00abEmbajadora cultural de la ciudad de Buenos Aires\u00bb"},"content":{"rendered":"<h3 style=\"text-align: justify;\"><strong>El jefe de Gobierno porte\u00f1o, Mauricio Macri, nombrar\u00e1 a la actriz Martina Stoessel como artista representativa de la capital porte\u00f1a.\u00a0<\/strong><\/h3>\n<p style=\"text-align: justify;\">De este modo, \u201cVioletta\u201d ser\u00e1 la sucesora de Charly Garc\u00eda adquiriendo el \u00abgalard\u00f3n\u00bb de\u00a0embajadora cultural de la Ciudad de Buenos Aires.<\/p>\n<p style=\"text-align: justify;\">El nombramiento ser\u00e1 el 2 de mayo a las 17, en un concierto gratuito en el Monumento a los Espa\u00f1oles para todos los fans y militantes de la tira.<\/p>\n<p style=\"text-align: justify;\">A vos, \u00bfQu\u00e9 te parece? \u00bfCampa\u00f1a pol\u00edtica o mero marketing?<\/p>\n","protected":false},"excerpt":{"rendered":"<p>El jefe de Gobierno porte\u00f1o, Mauricio Macri, nombrar\u00e1 a la actriz Martina Stoessel como artista representativa de la capital porte\u00f1a.\u00a0 De este modo, \u201cVioletta\u201d ser\u00e1 la sucesora de Charly Garc\u00eda adquiriendo el \u00abgalard\u00f3n\u00bb de\u00a0embajadora cultural de la Ciudad de Buenos Aires. El nombramiento ser\u00e1 el 2 de mayo a las 17, en un concierto gratuito [&hellip;]<\/p>\n","protected":false},"author":9,"featured_media":14736,"comment_status":"closed","ping_status":"closed","sticky":false,"template":"","format":"standard","meta":{"_seopress_robots_primary_cat":"","_seopress_titles_title":"","_seopress_titles_desc":"","_seopress_robots_index":"","footnotes":""},"categories":[4],"tags":[27091,27090],"class_list":{"0":"post-14695","1":"post","2":"type-post","3":"status-publish","4":"format-standard","5":"has-post-thumbnail","7":"category-famosos","8":"tag-mauricio-macri-martina-stoessel","9":"tag-tini-stoessel-embajadora-cultural-de-la-ciudad-de-buenos-aires"},"_links":{"self":[{"href":"https:\/\/www.cordobatimes.com\/showup\/wp-json\/wp\/v2\/posts\/14695","targetHints":{"allow":["GET"]}}],"collection":[{"href":"https:\/\/www.cordobatimes.com\/showup\/wp-json\/wp\/v2\/posts"}],"about":[{"href":"https:\/\/www.cordobatimes.com\/showup\/wp-json\/wp\/v2\/types\/post"}],"author":[{"embeddable":true,"href":"https:\/\/www.cordobatimes.com\/showup\/wp-json\/wp\/v2\/users\/9"}],"replies":[{"embeddable":true,"href":"https:\/\/www.cordobatimes.com\/showup\/wp-json\/wp\/v2\/comments?post=14695"}],"version-history":[{"count":0,"href":"https:\/\/www.cordobatimes.com\/showup\/wp-json\/wp\/v2\/posts\/14695\/revisions"}],"wp:featuredmedia":[{"embeddable":true,"href":"https:\/\/www.cordobatimes.com\/showup\/wp-json\/wp\/v2\/media\/14736"}],"wp:attachment":[{"href":"https:\/\/www.cordobatimes.com\/showup\/wp-json\/wp\/v2\/media?parent=14695"}],"wp:term":[{"taxonomy":"category","embeddable":true,"href":"https:\/\/www.cordobatimes.com\/showup\/wp-json\/wp\/v2\/categories?post=14695"},{"taxonomy":"post_tag","embeddable":true,"href":"https:\/\/www.cordobatimes.com\/showup\/wp-json\/wp\/v2\/tags?post=14695"}],"curies":[{"name":"wp","href":"https:\/\/api.w.org\/{rel}","templated":true}]}}