{"id":14673,"date":"2014-03-16T20:27:40","date_gmt":"2014-03-16T23:27:40","guid":{"rendered":"http:\/\/cordobatimes.com\/showup\/?p=14673"},"modified":"2020-01-12T09:15:33","modified_gmt":"2020-01-12T12:15:33","slug":"la-oreja-de-van-gogh-brillo-en-el-quality-espacio","status":"publish","type":"post","link":"https:\/\/www.cordobatimes.com\/showup\/agenda\/2014\/03\/16\/la-oreja-de-van-gogh-brillo-en-el-quality-espacio\/","title":{"rendered":"La Oreja de Van Gogh brill\u00f3 en el Quality Espacio"},"content":{"rendered":"<h3 style=\"text-align: justify;\"><b>Despu\u00e9s de pasar por Neuqu\u00e9n y Buenos Aires, la banda espa\u00f1ola se present\u00f3 anoche en Espacio Quality, en el marco de su gira latinoamericana promocionando su \u00faltimo \u00e1lbum: \u201cPrimera Fila\u201d.<\/b><\/h3>\n<p style=\"text-align: justify;\">A las 22:05, la cantante del grupo, Leire Martinez (qui\u00e9n reemplaz\u00f3 a la ex vocalista, Amaia Montero, luego de su repentina renuncia en 2007), sali\u00f3 a escena con uno de sus principales \u00e9xitos: \u201cRosas\u201d.<\/p>\n<p style=\"text-align: justify;\">Durante m\u00e1s de dos horas y media, las 3.500 personas que agotaron las entradas a pocos d\u00edas de salir a la venta, disfrutaron de un recorrido por los grandes hits de La Oreja de Van Gogh como as\u00ed tambi\u00e9n de la presentaci\u00f3n de una canci\u00f3n in\u00e9dita \u201cP\u00e1lida Luna\u201d, que hizo delirar al p\u00fablico cordob\u00e9s. Cuando fue el turno de los primeros acordes de \u201cInmortal\u201d, una de las emblem\u00e1ticas canciones de la banda oriunda de San Sebasti\u00e1n, la sala se llen\u00f3 de carteles con la leyenda \u201cLOVG INMORTAL\u201d que el club de fans reparti\u00f3 al ingreso del show.<\/p>\n<p style=\"text-align: justify;\">El quinteto brind\u00f3 un recital sin fisuras, haciendo emocionar, re\u00edr y saltar a los espectadores. Para sus integrantes tambi\u00e9n fue una noche para el recuerdo y, a pocas horas de finalizar, publicaron un mensaje alusivo en su cuenta oficial de twitter.<\/p>\n<blockquote class=\"twitter-tweet\" data-lang=\"es\">\n<p lang=\"es\" dir=\"ltr\">Legendario concierto anoche en C\u00f3rdoba, Argentina \u00a1Fuimos miles! <a href=\"http:\/\/t.co\/r1KL3s7EG1\">pic.twitter.com\/r1KL3s7EG1<\/a><\/p>\n<p>&mdash; La Oreja de Van Gogh (@laorejadevgogh) <a href=\"https:\/\/twitter.com\/laorejadevgogh\/status\/445179931488960512?ref_src=twsrc%5Etfw\">16 de marzo de 2014<\/a><\/p><\/blockquote>\n<p><script async src=\"https:\/\/platform.twitter.com\/widgets.js\" charset=\"utf-8\"><\/script><\/p>\n<p>Para los que no pudieron ir o quieren volver a verlos, ya tienen fecha de regreso a nuestra ciudad. Ser\u00e1 el 14 de mayo, en el mismo escenario, cita para la cual prometieron cambio de repertorio y nuevas canciones.<\/p>\n<p>&nbsp;<\/p>\n<p><span style=\"color: #000000;\"><strong>Por Pilar Velasco<\/strong><\/span><\/p>\n","protected":false},"excerpt":{"rendered":"<p>Despu\u00e9s de pasar por Neuqu\u00e9n y Buenos Aires, la banda espa\u00f1ola se present\u00f3 anoche en Espacio Quality, en el marco de su gira latinoamericana promocionando su \u00faltimo \u00e1lbum: \u201cPrimera Fila\u201d. A las 22:05, la cantante del grupo, Leire Martinez (qui\u00e9n reemplaz\u00f3 a la ex vocalista, Amaia Montero, luego de su repentina renuncia en 2007), sali\u00f3 [&hellip;]<\/p>\n","protected":false},"author":9,"featured_media":14675,"comment_status":"closed","ping_status":"closed","sticky":false,"template":"","format":"standard","meta":{"_seopress_robots_primary_cat":"","_seopress_titles_title":"","_seopress_titles_desc":"","_seopress_robots_index":"","footnotes":""},"categories":[6],"tags":[4845],"class_list":{"0":"post-14673","1":"post","2":"type-post","3":"status-publish","4":"format-standard","5":"has-post-thumbnail","7":"category-agenda","8":"tag-la-oreja-van-gogh-en-cordoba"},"_links":{"self":[{"href":"https:\/\/www.cordobatimes.com\/showup\/wp-json\/wp\/v2\/posts\/14673","targetHints":{"allow":["GET"]}}],"collection":[{"href":"https:\/\/www.cordobatimes.com\/showup\/wp-json\/wp\/v2\/posts"}],"about":[{"href":"https:\/\/www.cordobatimes.com\/showup\/wp-json\/wp\/v2\/types\/post"}],"author":[{"embeddable":true,"href":"https:\/\/www.cordobatimes.com\/showup\/wp-json\/wp\/v2\/users\/9"}],"replies":[{"embeddable":true,"href":"https:\/\/www.cordobatimes.com\/showup\/wp-json\/wp\/v2\/comments?post=14673"}],"version-history":[{"count":0,"href":"https:\/\/www.cordobatimes.com\/showup\/wp-json\/wp\/v2\/posts\/14673\/revisions"}],"wp:featuredmedia":[{"embeddable":true,"href":"https:\/\/www.cordobatimes.com\/showup\/wp-json\/wp\/v2\/media\/14675"}],"wp:attachment":[{"href":"https:\/\/www.cordobatimes.com\/showup\/wp-json\/wp\/v2\/media?parent=14673"}],"wp:term":[{"taxonomy":"category","embeddable":true,"href":"https:\/\/www.cordobatimes.com\/showup\/wp-json\/wp\/v2\/categories?post=14673"},{"taxonomy":"post_tag","embeddable":true,"href":"https:\/\/www.cordobatimes.com\/showup\/wp-json\/wp\/v2\/tags?post=14673"}],"curies":[{"name":"wp","href":"https:\/\/api.w.org\/{rel}","templated":true}]}}