{"id":14645,"date":"2014-03-16T18:08:13","date_gmt":"2014-03-16T21:08:13","guid":{"rendered":"http:\/\/cordobatimes.com\/showup\/?p=14645"},"modified":"2019-12-14T16:30:17","modified_gmt":"2019-12-14T19:30:17","slug":"mirtha-legrand-estreno-con-un-diseno-de-jorge-ibanez-y-le-dedico-unas-palabras-video","status":"publish","type":"post","link":"https:\/\/www.cordobatimes.com\/showup\/tv\/2014\/03\/16\/mirtha-legrand-estreno-con-un-diseno-de-jorge-ibanez-y-le-dedico-unas-palabras-video\/","title":{"rendered":"Mirtha Legrand estren\u00f3 con un dise\u00f1o de Jorge Ib\u00e1\u00f1ez y le dedic\u00f3 unas palabras (Video)"},"content":{"rendered":"<h3 style=\"text-align: justify;\"><strong>La diva de los almuerzos \u00a0regres\u00f3 a sus cl\u00e1sicos programas al \u00a0mediod\u00eda, pero ahora, \u00a0por la pantalla el Trece.<\/strong><\/h3>\n<p style=\"text-align: justify;\">Al comenzar el programa, mostr\u00f3 emocionada el dise\u00f1o que el fallecido dise\u00f1ador Jorge Ib\u00e1\u00f1ez le hab\u00eda elegido el d\u00eda antes de morir.<\/p>\n<p style=\"text-align: justify;\">\u00abEste programa de hoy se lo vamos a dedicar in memoriam a Jorge Ib\u00e1\u00f1ez, a quien nunca le vi un mal gesto; nunca vi enojado. La cobertura que ha tenido el fallecimiento de Jorge Ib\u00e1\u00f1ez lo he visto pocas veces. No era de este mundo\u00bb, dijo Legrand.<\/p>\n<p style=\"text-align: justify;\">No te pierdas las palabras de Mirtha Legrand a Jorge Ib\u00e1\u00f1ez, despidiendo al dise\u00f1ador.<\/p>\n<p><iframe loading=\"lazy\" src=\"\/\/www.youtube.com\/embed\/ikW2RN1teSE\" width=\"560\" height=\"315\" frameborder=\"0\" allowfullscreen=\"allowfullscreen\"><\/iframe><\/p>\n","protected":false},"excerpt":{"rendered":"<p>La diva de los almuerzos \u00a0regres\u00f3 a sus cl\u00e1sicos programas al \u00a0mediod\u00eda, pero ahora, \u00a0por la pantalla el Trece. Al comenzar el programa, mostr\u00f3 emocionada el dise\u00f1o que el fallecido dise\u00f1ador Jorge Ib\u00e1\u00f1ez le hab\u00eda elegido el d\u00eda antes de morir. \u00abEste programa de hoy se lo vamos a dedicar in memoriam a Jorge Ib\u00e1\u00f1ez, [&hellip;]<\/p>\n","protected":false},"author":9,"featured_media":14646,"comment_status":"closed","ping_status":"closed","sticky":false,"template":"","format":"standard","meta":{"_seopress_robots_primary_cat":"","_seopress_titles_title":"","_seopress_titles_desc":"","_seopress_robots_index":"","footnotes":""},"categories":[2],"tags":[27093,27094],"class_list":{"0":"post-14645","1":"post","2":"type-post","3":"status-publish","4":"format-standard","5":"has-post-thumbnail","7":"category-tv","8":"tag-mirtha-legrand-estreno-con-un-diseno-de-jorge-ibanez","9":"tag-mirtha-legrand-jorge-ibanez"},"_links":{"self":[{"href":"https:\/\/www.cordobatimes.com\/showup\/wp-json\/wp\/v2\/posts\/14645","targetHints":{"allow":["GET"]}}],"collection":[{"href":"https:\/\/www.cordobatimes.com\/showup\/wp-json\/wp\/v2\/posts"}],"about":[{"href":"https:\/\/www.cordobatimes.com\/showup\/wp-json\/wp\/v2\/types\/post"}],"author":[{"embeddable":true,"href":"https:\/\/www.cordobatimes.com\/showup\/wp-json\/wp\/v2\/users\/9"}],"replies":[{"embeddable":true,"href":"https:\/\/www.cordobatimes.com\/showup\/wp-json\/wp\/v2\/comments?post=14645"}],"version-history":[{"count":0,"href":"https:\/\/www.cordobatimes.com\/showup\/wp-json\/wp\/v2\/posts\/14645\/revisions"}],"wp:featuredmedia":[{"embeddable":true,"href":"https:\/\/www.cordobatimes.com\/showup\/wp-json\/wp\/v2\/media\/14646"}],"wp:attachment":[{"href":"https:\/\/www.cordobatimes.com\/showup\/wp-json\/wp\/v2\/media?parent=14645"}],"wp:term":[{"taxonomy":"category","embeddable":true,"href":"https:\/\/www.cordobatimes.com\/showup\/wp-json\/wp\/v2\/categories?post=14645"},{"taxonomy":"post_tag","embeddable":true,"href":"https:\/\/www.cordobatimes.com\/showup\/wp-json\/wp\/v2\/tags?post=14645"}],"curies":[{"name":"wp","href":"https:\/\/api.w.org\/{rel}","templated":true}]}}