{"id":14600,"date":"2014-03-15T18:27:12","date_gmt":"2014-03-15T21:27:12","guid":{"rendered":"http:\/\/cordobatimes.com\/showup\/?p=14600"},"modified":"2019-12-16T08:55:47","modified_gmt":"2019-12-16T11:55:47","slug":"prince-roice-confirmo-su-show-en-argentina","status":"publish","type":"post","link":"https:\/\/www.cordobatimes.com\/showup\/agenda\/2014\/03\/15\/prince-roice-confirmo-su-show-en-argentina\/","title":{"rendered":"Prince Royce confirm\u00f3 su show en C\u00f3rdoba"},"content":{"rendered":"<h3 style=\"text-align: justify;\"><strong>El cantante llega por primera vez a nuestro pa\u00eds \u00a0con su tour \u00abSoy el mismo\u00bb. En esta nota, todos los detalles.\u00a0<\/strong><\/h3>\n<p style=\"text-align: justify;\">C\u00f3rdoba y Buenos Aires son los lugares elegidos por el joven due\u00f1o de la fusi\u00f3n de bachata, pop y ritmos urbanos para presentarse en el pa\u00eds.<\/p>\n<p style=\"text-align: justify;\">Las entradas para el recital del 7 de mayo en el Luna Park se encuentran a la venta a partir del 15 marzo por Ticketportal.com.ar. Mientras que las entradas al concierto en C\u00f3rdoba a\u00fan no est\u00e1n a la venta. Pero se sabe que la locaci\u00f3n elegida en la Docta es Orfeo Superdomo.<\/p>\n<p style=\"text-align: justify;\">Habr\u00e1 una preventa para clientes del Banco Santander R\u00edo con platea Platinum\/Black del 15 de al 19 de marzo, mientras que la general ser\u00e1 del 20 al 28 del mismo mes. Lo mismo habr\u00e1 un descuento del 15% y se podr\u00e1 con cuotas sin inter\u00e9s.<\/p>\n<p style=\"text-align: justify;\">El cantautor tom\u00f3 trascendencia en la Argentina por su d\u00fao con Thal\u00eda, \u00abTe perdiste mi amor\u00bb, su hit \u00abDarte un beso\u00bb y la canci\u00f3n \u00abNada\u00bb que suena todas las noches en la ficci\u00f3n Somos Familia de Telefe.<\/p>\n<p><iframe loading=\"lazy\" src=\"\/\/www.youtube.com\/embed\/bdOXnTbyk0g\" width=\"560\" height=\"315\" frameborder=\"0\" allowfullscreen=\"allowfullscreen\"><\/iframe><\/p>\n<p style=\"text-align: justify;\">\n","protected":false},"excerpt":{"rendered":"<p>El cantante llega por primera vez a nuestro pa\u00eds \u00a0con su tour \u00abSoy el mismo\u00bb. En esta nota, todos los detalles.\u00a0 C\u00f3rdoba y Buenos Aires son los lugares elegidos por el joven due\u00f1o de la fusi\u00f3n de bachata, pop y ritmos urbanos para presentarse en el pa\u00eds. Las entradas para el recital del 7 de [&hellip;]<\/p>\n","protected":false},"author":9,"featured_media":14601,"comment_status":"closed","ping_status":"closed","sticky":false,"template":"","format":"standard","meta":{"_seopress_robots_primary_cat":"","_seopress_titles_title":"","_seopress_titles_desc":"","_seopress_robots_index":"","footnotes":""},"categories":[6],"tags":[4816],"class_list":{"0":"post-14600","1":"post","2":"type-post","3":"status-publish","4":"format-standard","5":"has-post-thumbnail","7":"category-agenda","8":"tag-prince-royce-en-cordoba"},"_links":{"self":[{"href":"https:\/\/www.cordobatimes.com\/showup\/wp-json\/wp\/v2\/posts\/14600","targetHints":{"allow":["GET"]}}],"collection":[{"href":"https:\/\/www.cordobatimes.com\/showup\/wp-json\/wp\/v2\/posts"}],"about":[{"href":"https:\/\/www.cordobatimes.com\/showup\/wp-json\/wp\/v2\/types\/post"}],"author":[{"embeddable":true,"href":"https:\/\/www.cordobatimes.com\/showup\/wp-json\/wp\/v2\/users\/9"}],"replies":[{"embeddable":true,"href":"https:\/\/www.cordobatimes.com\/showup\/wp-json\/wp\/v2\/comments?post=14600"}],"version-history":[{"count":0,"href":"https:\/\/www.cordobatimes.com\/showup\/wp-json\/wp\/v2\/posts\/14600\/revisions"}],"wp:featuredmedia":[{"embeddable":true,"href":"https:\/\/www.cordobatimes.com\/showup\/wp-json\/wp\/v2\/media\/14601"}],"wp:attachment":[{"href":"https:\/\/www.cordobatimes.com\/showup\/wp-json\/wp\/v2\/media?parent=14600"}],"wp:term":[{"taxonomy":"category","embeddable":true,"href":"https:\/\/www.cordobatimes.com\/showup\/wp-json\/wp\/v2\/categories?post=14600"},{"taxonomy":"post_tag","embeddable":true,"href":"https:\/\/www.cordobatimes.com\/showup\/wp-json\/wp\/v2\/tags?post=14600"}],"curies":[{"name":"wp","href":"https:\/\/api.w.org\/{rel}","templated":true}]}}