{"id":14596,"date":"2014-03-15T18:04:19","date_gmt":"2014-03-15T21:04:19","guid":{"rendered":"http:\/\/cordobatimes.com\/showup\/?p=14596"},"modified":"2019-12-16T08:58:40","modified_gmt":"2019-12-16T11:58:40","slug":"mariana-fabbiani-vive-un-duro-momento","status":"publish","type":"post","link":"https:\/\/www.cordobatimes.com\/showup\/famosos\/2014\/03\/15\/mariana-fabbiani-vive-un-duro-momento\/","title":{"rendered":"Mariana Fabbiani vive un duro momento"},"content":{"rendered":"<h3 style=\"text-align: justify;\"><strong>La conductora atraviesa un dif\u00edcil d\u00eda en su vida. Muri\u00f3 su abuela Myrna, quien estaba casada con el reconocido m\u00fasico Mariano Mores. Vanesa Bafaro, jefa de prensa de El Trece, confirm\u00f3 la triste noticia a Teleshow.<\/strong><\/h3>\n<p style=\"text-align: justify;\">La actriz y cantante muri\u00f3 a los 93 a\u00f1os el viernes, ya se encontraba con un estado de salud muy delicado, por su avanzada edad. Mariana Fabbiani no acudi\u00f3 a su programa y, en su reemplazo, estuvo \u00c1ngel de Brito.<\/p>\n<p style=\"text-align: justify;\">En los avisos f\u00fanebres del diario La Naci\u00f3n, la conductora y su familia publicaron un mensaje: \u00abAbuela, siempre ser\u00e1s nuestro ejemplo y permanecer\u00e1s en nuestros corazones. Rogamos una oraci\u00f3n por tu eterno descanso. Tus nietos Marcela, Gabriel, Mariana, Paola y tus bisnietos\u00bb.<\/p>\n<p style=\"text-align: justify;\">\u00abPara el amor de toda mi vida: Siempre estar\u00e1s en mi memoria. Tu esposo Mariano\u00bb, fue el sentido mensaje de despedida que le dedic\u00f3 Mariano Mores.<\/p>\n<p style=\"text-align: justify;\"><a href=\"http:\/\/cordobatimes.com\/showup\/wp-content\/uploads\/2014\/03\/fabianni.jpg\"><img loading=\"lazy\" decoding=\"async\" class=\"alignnone size-full wp-image-14597\" src=\"http:\/\/cordobatimes.com\/showup\/wp-content\/uploads\/2014\/03\/fabianni.jpg\" alt=\"fabianni\" width=\"624\" height=\"468\" data-id=\"14597\" srcset=\"https:\/\/www.cordobatimes.com\/showup\/wp-content\/uploads\/2014\/03\/fabianni.jpg 624w, https:\/\/www.cordobatimes.com\/showup\/wp-content\/uploads\/2014\/03\/fabianni-300x225.jpg 300w\" sizes=\"auto, (max-width: 624px) 100vw, 624px\" \/><\/a><\/p>\n","protected":false},"excerpt":{"rendered":"<p>La conductora atraviesa un dif\u00edcil d\u00eda en su vida. Muri\u00f3 su abuela Myrna, quien estaba casada con el reconocido m\u00fasico Mariano Mores. Vanesa Bafaro, jefa de prensa de El Trece, confirm\u00f3 la triste noticia a Teleshow. La actriz y cantante muri\u00f3 a los 93 a\u00f1os el viernes, ya se encontraba con un estado de salud [&hellip;]<\/p>\n","protected":false},"author":9,"featured_media":14598,"comment_status":"closed","ping_status":"closed","sticky":false,"template":"","format":"standard","meta":{"_seopress_robots_primary_cat":"","_seopress_titles_title":"","_seopress_titles_desc":"","_seopress_robots_index":"","footnotes":""},"categories":[4],"tags":[4804],"class_list":{"0":"post-14596","1":"post","2":"type-post","3":"status-publish","4":"format-standard","5":"has-post-thumbnail","7":"category-famosos","8":"tag-murio-la-abuela-de-mariana-fabianni"},"_links":{"self":[{"href":"https:\/\/www.cordobatimes.com\/showup\/wp-json\/wp\/v2\/posts\/14596","targetHints":{"allow":["GET"]}}],"collection":[{"href":"https:\/\/www.cordobatimes.com\/showup\/wp-json\/wp\/v2\/posts"}],"about":[{"href":"https:\/\/www.cordobatimes.com\/showup\/wp-json\/wp\/v2\/types\/post"}],"author":[{"embeddable":true,"href":"https:\/\/www.cordobatimes.com\/showup\/wp-json\/wp\/v2\/users\/9"}],"replies":[{"embeddable":true,"href":"https:\/\/www.cordobatimes.com\/showup\/wp-json\/wp\/v2\/comments?post=14596"}],"version-history":[{"count":0,"href":"https:\/\/www.cordobatimes.com\/showup\/wp-json\/wp\/v2\/posts\/14596\/revisions"}],"wp:featuredmedia":[{"embeddable":true,"href":"https:\/\/www.cordobatimes.com\/showup\/wp-json\/wp\/v2\/media\/14598"}],"wp:attachment":[{"href":"https:\/\/www.cordobatimes.com\/showup\/wp-json\/wp\/v2\/media?parent=14596"}],"wp:term":[{"taxonomy":"category","embeddable":true,"href":"https:\/\/www.cordobatimes.com\/showup\/wp-json\/wp\/v2\/categories?post=14596"},{"taxonomy":"post_tag","embeddable":true,"href":"https:\/\/www.cordobatimes.com\/showup\/wp-json\/wp\/v2\/tags?post=14596"}],"curies":[{"name":"wp","href":"https:\/\/api.w.org\/{rel}","templated":true}]}}