{"id":14593,"date":"2014-03-15T17:23:26","date_gmt":"2014-03-15T20:23:26","guid":{"rendered":"http:\/\/cordobatimes.com\/showup\/?p=14593"},"modified":"2019-12-16T09:02:13","modified_gmt":"2019-12-16T12:02:13","slug":"flor-de-la-v-y-una-conmovedora-carta-de-despedida-para-su-amigo-jorge-ibanez","status":"publish","type":"post","link":"https:\/\/www.cordobatimes.com\/showup\/famosos\/2014\/03\/15\/flor-de-la-v-y-una-conmovedora-carta-de-despedida-para-su-amigo-jorge-ibanez\/","title":{"rendered":"Flor de la V y una conmovedora carta de despedida para su amigo, Jorge Ib\u00e1\u00f1ez"},"content":{"rendered":"<h3 style=\"text-align: justify;\"><strong>La vedette y productora \u00a0fue una de las mejores amigas del modisto, y tras su muerte, le dedic\u00f3 unas emocionantes l\u00edneas a modo de \u00abadi\u00f3s\u00bb.<\/strong><\/h3>\n<p style=\"text-align: justify;\">\u00abDefinitivamente el bien ha perdido una batalla. Hoy el mundo es un poco menos bueno. No s\u00f3lo mi mundo, al que le va a faltar alguien tan especial, un alquimista que pod\u00eda hacer que cualquier momento triste o vulgar se transformara en m\u00e1gico e irrepetible\u00bb, comienza la carta de despedida a quien fuese el padrino de Isabella y Paul Alexander, los hijos de la conductora.<\/p>\n<p style=\"text-align: justify;\">\u00bb Al MUNDO, con may\u00fasculas, le va a faltar alguien que representaba el BIEN, con may\u00fasculas. Esta carta est\u00e1 escrita en primer lugar para quienes no conocieron a Jorge. Quiero que sepan ahora que no est\u00e1 (o ahora que est\u00e1 m\u00e1s que nunca) qui\u00e9n era ese hombre luminoso, lleno de amor en las manos, cuya mirada calaba tan hondo que llegaba siempre al alma. Muchas veces se dice que la muerte mejora la imagen que tenemos de las personas. No es este el caso\u2026no, definitivamente, la verdadera imagen de Jorge era la que mostraba su pasi\u00f3n por la vida, una pasi\u00f3n lograba transmitir hasta al m\u00e1s desolado.<\/p>\n<p style=\"text-align: justify;\">Jorge era la vida, era una persona en estado de primavera permanente. Jam\u00e1s conoc\u00ed a alguien a quien le resultara tan propia la felicidad o la tristeza ajenas. Es que para \u00e9l nada era ajeno\u2026te tomaba de las manos, te dec\u00eda \u201ccontame\u201d y, como s\u00f3lo saben hacer los elegidos, se iba mimetizando con tus historias como si fueran propias; entonces m\u00e1gicamente te hac\u00eda sentir que tu alegr\u00eda se amplificaba o tu dolor se reduc\u00eda. A\u00fan en su reconocido e inigualable talento como creador se le notaba ese amor por el otro. Porque \u00e9l no sent\u00eda el orgullo egoc\u00e9ntrico de ver reconocidos sus vestidos; \u00e9l sent\u00eda la satisfacci\u00f3n plena de haber ayudado a que alguien se sienta m\u00e1s bella, m\u00e1s plena, en total armon\u00eda consigo.<\/p>\n<p style=\"text-align: justify;\">Ahora quiero hablarte a vos, Jorge. Quiero que estas palabras vuelen y surquen los cielos para llegar a esos o\u00eddos que tantas veces con tanto amor me escucharon. No me queda la sensaci\u00f3n de no haberte dicho lo mucho que te amaba; todos te am\u00e1bamos y te lo dec\u00edamos, Pablo, mis hijos, pero es inevitable sentir que la muerte me arranc\u00f3 una parte de m\u00ed, que tu ausencia ser\u00e1 ahora una presencia permanente, necesaria. S\u00e9 que no te gustar\u00eda verme devastada, s\u00e9 que me abrazar\u00edas hasta que mis l\u00e1grimas te llenaran esos hombros de seda que ten\u00edas. Jam\u00e1s, ni en la peor de mis pesadillas pod\u00eda imaginarme que te ir\u00edas tan pronto. Es terrible afrontar tu muerte sin vos, que eras quien siempre me auxiliaba ante el dolor. Pero quiero decirte que cuando este mar de l\u00e1grimas deje paso a los recuerdos tendr\u00e9 recuerdos tuyos como para llenar el resto de mi vida, como para ir teni\u00e9ndote hasta que pueda, de una vez y para siempre, volver a tenerte a mi lado.<\/p>\n<p style=\"text-align: justify;\">Te amo Feliche, amigo, hermano, compinche, confidente, gur\u00fa. Siempre me sent\u00ed tan bien vestida por vos\u2026 nunca me sent\u00ed tan desnuda como hoy.\u00bb<\/p>\n","protected":false},"excerpt":{"rendered":"<p>La vedette y productora \u00a0fue una de las mejores amigas del modisto, y tras su muerte, le dedic\u00f3 unas emocionantes l\u00edneas a modo de \u00abadi\u00f3s\u00bb. \u00abDefinitivamente el bien ha perdido una batalla. Hoy el mundo es un poco menos bueno. No s\u00f3lo mi mundo, al que le va a faltar alguien tan especial, un alquimista [&hellip;]<\/p>\n","protected":false},"author":9,"featured_media":14594,"comment_status":"closed","ping_status":"closed","sticky":false,"template":"","format":"standard","meta":{"_seopress_robots_primary_cat":"","_seopress_titles_title":"","_seopress_titles_desc":"","_seopress_robots_index":"","footnotes":""},"categories":[4],"tags":[27107,26333,27076],"class_list":{"0":"post-14593","1":"post","2":"type-post","3":"status-publish","4":"format-standard","5":"has-post-thumbnail","7":"category-famosos","8":"tag-carta-de-flor-de-la-v-a-jorge-ibanez","9":"tag-flor-de-la-v-jorge-ibanez","10":"tag-muerte-de-jorge-ibanez"},"_links":{"self":[{"href":"https:\/\/www.cordobatimes.com\/showup\/wp-json\/wp\/v2\/posts\/14593","targetHints":{"allow":["GET"]}}],"collection":[{"href":"https:\/\/www.cordobatimes.com\/showup\/wp-json\/wp\/v2\/posts"}],"about":[{"href":"https:\/\/www.cordobatimes.com\/showup\/wp-json\/wp\/v2\/types\/post"}],"author":[{"embeddable":true,"href":"https:\/\/www.cordobatimes.com\/showup\/wp-json\/wp\/v2\/users\/9"}],"replies":[{"embeddable":true,"href":"https:\/\/www.cordobatimes.com\/showup\/wp-json\/wp\/v2\/comments?post=14593"}],"version-history":[{"count":0,"href":"https:\/\/www.cordobatimes.com\/showup\/wp-json\/wp\/v2\/posts\/14593\/revisions"}],"wp:featuredmedia":[{"embeddable":true,"href":"https:\/\/www.cordobatimes.com\/showup\/wp-json\/wp\/v2\/media\/14594"}],"wp:attachment":[{"href":"https:\/\/www.cordobatimes.com\/showup\/wp-json\/wp\/v2\/media?parent=14593"}],"wp:term":[{"taxonomy":"category","embeddable":true,"href":"https:\/\/www.cordobatimes.com\/showup\/wp-json\/wp\/v2\/categories?post=14593"},{"taxonomy":"post_tag","embeddable":true,"href":"https:\/\/www.cordobatimes.com\/showup\/wp-json\/wp\/v2\/tags?post=14593"}],"curies":[{"name":"wp","href":"https:\/\/api.w.org\/{rel}","templated":true}]}}