{"id":14540,"date":"2014-03-14T19:42:25","date_gmt":"2014-03-14T22:42:25","guid":{"rendered":"http:\/\/cordobatimes.com\/showup\/?p=14540"},"modified":"2019-12-16T13:33:06","modified_gmt":"2019-12-16T16:33:06","slug":"se-cumplen-10-anos-de-la-caida-del-balcon-de-alejandra-pradon","status":"publish","type":"post","link":"https:\/\/www.cordobatimes.com\/showup\/famosos\/2014\/03\/14\/se-cumplen-10-anos-de-la-caida-del-balcon-de-alejandra-pradon\/","title":{"rendered":"Se cumplen diez a\u00f1os de la ca\u00edda desde un balc\u00f3n de Alejandra Prad\u00f3n"},"content":{"rendered":"<h3 style=\"text-align: justify;\"><strong>La madrugada del 15 de marzo, la vedette, vivi\u00f3 uno de los peores episodios de su vida cuando cay\u00f3 de un s\u00e9ptimo piso luego de una discusi\u00f3n con su entonces novio Fabricio Lallana. <\/strong><\/h3>\n<p style=\"text-align: justify;\">\u00abMe pone muy mal cuando se acerca la fecha porque no es un cap\u00edtulo cerrado en mi vida. Lo peor es que Fabricio me sigue llamando. Ese chico no est\u00e1 bien y me da un poco de miedo\u00bb, revel\u00f3 a Muy.<\/p>\n<p style=\"text-align: justify;\">Lallana y Prad\u00f3n se conocieron en 2003 durante una temporada de la rubia en C\u00f3rdoba y luego el joven de 23 a\u00f1os se \u00abinstal\u00f3\u00bb en su departamento de Belgrano: \u00abEra muy celoso y posesivo. Jam\u00e1s pens\u00e9 que iba a pasar todo esto\u00bb.<\/p>\n<p style=\"text-align: justify;\">La \u00faltima vez que se vieron fue hace un a\u00f1o en C\u00f3rdoba, d\u00f3nde Alejandra estaba haciendo un show en un boliche cuando el joven la rastre\u00f3 a trav\u00e9s de un GPS y acudi\u00f3 al lugar: \u00abLe ped\u00ed a mis conocidos que no le dijeran m\u00e1s a los lugares a los que iba\u00bb.<\/p>\n<p style=\"text-align: justify;\">Aquel episodio de 2004 a\u00fan no est\u00e1 nada claro, ya que Lallana estuvo acusado de intento de homicidio y pas\u00f3 55 d\u00edas en la c\u00e1rcel de Marcos Paz. Pero fue sobrese\u00eddo por la jueza Wilma L\u00f3pez por falta de pruebas.<\/p>\n<p style=\"text-align: justify;\">\u00abLo \u00faltimo que me acuerdo es que nos acab\u00e1bamos de ba\u00f1ar, hab\u00edamos tenido sexo, y discutimos porque \u00e9l no quer\u00eda trabajar y yo no quer\u00eda tenerlo encima m\u00edo todo el tiempo. Despu\u00e9s me despert\u00e9 ya internada y sin poder moverme\u00bb, dijo.<\/p>\n<p style=\"text-align: justify;\">Prad\u00f3n se salv\u00f3 de milagro, ya que seg\u00fan explicaron los especialistas, las ramas de los \u00e1rboles amortiguaron su ca\u00edda, que fue sobre un cantero. De todas maneras afront\u00f3 fracturas m\u00faltiples en la cadera, v\u00e9rtebras dorsales y cervicales, adem\u00e1s de politraumatismos.<\/p>\n<p><iframe loading=\"lazy\" src=\"https:\/\/www.youtube.com\/embed\/Z8LRDg6gj1c\" width=\"560\" height=\"315\" frameborder=\"0\" allowfullscreen=\"allowfullscreen\"><\/iframe><\/p>\n","protected":false},"excerpt":{"rendered":"<p>La madrugada del 15 de marzo, la vedette, vivi\u00f3 uno de los peores episodios de su vida cuando cay\u00f3 de un s\u00e9ptimo piso luego de una discusi\u00f3n con su entonces novio Fabricio Lallana. \u00abMe pone muy mal cuando se acerca la fecha porque no es un cap\u00edtulo cerrado en mi vida. Lo peor es que [&hellip;]<\/p>\n","protected":false},"author":9,"featured_media":14541,"comment_status":"closed","ping_status":"closed","sticky":false,"template":"","format":"standard","meta":{"_seopress_robots_primary_cat":"","_seopress_titles_title":"","_seopress_titles_desc":"","_seopress_robots_index":"","footnotes":""},"categories":[4],"tags":[4778,27126],"class_list":{"0":"post-14540","1":"post","2":"type-post","3":"status-publish","4":"format-standard","5":"has-post-thumbnail","7":"category-famosos","8":"tag-accidente-de-alejandra-pradon","9":"tag-caida-de-alejandra-pradon"},"_links":{"self":[{"href":"https:\/\/www.cordobatimes.com\/showup\/wp-json\/wp\/v2\/posts\/14540","targetHints":{"allow":["GET"]}}],"collection":[{"href":"https:\/\/www.cordobatimes.com\/showup\/wp-json\/wp\/v2\/posts"}],"about":[{"href":"https:\/\/www.cordobatimes.com\/showup\/wp-json\/wp\/v2\/types\/post"}],"author":[{"embeddable":true,"href":"https:\/\/www.cordobatimes.com\/showup\/wp-json\/wp\/v2\/users\/9"}],"replies":[{"embeddable":true,"href":"https:\/\/www.cordobatimes.com\/showup\/wp-json\/wp\/v2\/comments?post=14540"}],"version-history":[{"count":0,"href":"https:\/\/www.cordobatimes.com\/showup\/wp-json\/wp\/v2\/posts\/14540\/revisions"}],"wp:featuredmedia":[{"embeddable":true,"href":"https:\/\/www.cordobatimes.com\/showup\/wp-json\/wp\/v2\/media\/14541"}],"wp:attachment":[{"href":"https:\/\/www.cordobatimes.com\/showup\/wp-json\/wp\/v2\/media?parent=14540"}],"wp:term":[{"taxonomy":"category","embeddable":true,"href":"https:\/\/www.cordobatimes.com\/showup\/wp-json\/wp\/v2\/categories?post=14540"},{"taxonomy":"post_tag","embeddable":true,"href":"https:\/\/www.cordobatimes.com\/showup\/wp-json\/wp\/v2\/tags?post=14540"}],"curies":[{"name":"wp","href":"https:\/\/api.w.org\/{rel}","templated":true}]}}