{"id":14429,"date":"2014-03-13T15:14:54","date_gmt":"2014-03-13T18:14:54","guid":{"rendered":"http:\/\/cordobatimes.com\/showup\/?p=14429"},"modified":"2019-12-17T06:51:07","modified_gmt":"2019-12-17T09:51:07","slug":"jorge-rial-destrozo-a-mirtha-legrand","status":"publish","type":"post","link":"https:\/\/www.cordobatimes.com\/showup\/famosos\/2014\/03\/13\/jorge-rial-destrozo-a-mirtha-legrand\/","title":{"rendered":"Jorge Rial destroz\u00f3 a Mirtha Legrand"},"content":{"rendered":"<h3 style=\"text-align: justify;\"><strong>El conductor de Intrusos dijo de todo ante el inminente estreno de la diva de los almuerzos en El Trece. Enterate todos los detalles en esta nota.<\/strong><\/h3>\n<p style=\"text-align: justify;\">\u00abOjal\u00e1 que Mirtha \u00a0est\u00e9 a la altura en El Trece y que no tropiece. Y ojal\u00e1 que a Am\u00e9rica no vuelva otra vez, cuando tropiece, para que le den cobijo\u00bb, dispar\u00f3 Jorge Rial contra la diva en su programa \u00abCiudad Goti-K\u00bb por radio La Red.<\/p>\n<p style=\"text-align: justify;\">\u00abEscuch\u00e9 ayer a la se\u00f1ora hablando de su pase a El Trece. Habl\u00f3 de su pase a un canal l\u00edder. Me duele. Hablar as\u00ed es despreciar a Am\u00e9rica. Me rompe las pelotas\u00bb, agreg\u00f3 al respecto.<\/p>\n<p style=\"text-align: justify;\">\u00abRepudio y desprecio las palabras de Mirtha Legrand, lo quiero decir p\u00fablicamente. Si est\u00e1 en un canal l\u00edder, ojal\u00e1 est\u00e9 a la altura. En Am\u00e9rica no estuvo a la altura de un canal que est\u00e1 peleando por el tercer puesto, con mucho laburo de toda la gente\u00bb, continu\u00f3 con todo Rial.<\/p>\n<blockquote class=\"twitter-tweet\" data-lang=\"es\">\n<p dir=\"ltr\" lang=\"es\">\u00abQue bueno pasar a un canal l\u00edder\u00bb dice <a href=\"https:\/\/twitter.com\/mirthalegrandok?ref_src=twsrc%5Etfw\">@mirthalegrandok<\/a> que olvida como <a href=\"https:\/\/twitter.com\/america2oficial?ref_src=twsrc%5Etfw\">@america2oficial<\/a> le abri\u00f3 las puertas cuando nadie la quer\u00eda.<\/p>\n<p>\u2014 JORGE RIAL (@rialjorge) <a href=\"https:\/\/twitter.com\/rialjorge\/status\/443926736091512833?ref_src=twsrc%5Etfw\">13 de marzo de 2014<\/a><\/p><\/blockquote>\n<p><script async src=\"https:\/\/platform.twitter.com\/widgets.js\" charset=\"utf-8\"><\/script><\/p>\n","protected":false},"excerpt":{"rendered":"<p>El conductor de Intrusos dijo de todo ante el inminente estreno de la diva de los almuerzos en El Trece. Enterate todos los detalles en esta nota. \u00abOjal\u00e1 que Mirtha \u00a0est\u00e9 a la altura en El Trece y que no tropiece. Y ojal\u00e1 que a Am\u00e9rica no vuelva otra vez, cuando tropiece, para que le [&hellip;]<\/p>\n","protected":false},"author":9,"featured_media":14430,"comment_status":"closed","ping_status":"closed","sticky":false,"template":"","format":"standard","meta":{"_seopress_robots_primary_cat":"","_seopress_titles_title":"","_seopress_titles_desc":"","_seopress_robots_index":"","footnotes":""},"categories":[4],"tags":[27141],"class_list":{"0":"post-14429","1":"post","2":"type-post","3":"status-publish","4":"format-standard","5":"has-post-thumbnail","7":"category-famosos","8":"tag-jorge-rial-mirtha-legrand"},"_links":{"self":[{"href":"https:\/\/www.cordobatimes.com\/showup\/wp-json\/wp\/v2\/posts\/14429","targetHints":{"allow":["GET"]}}],"collection":[{"href":"https:\/\/www.cordobatimes.com\/showup\/wp-json\/wp\/v2\/posts"}],"about":[{"href":"https:\/\/www.cordobatimes.com\/showup\/wp-json\/wp\/v2\/types\/post"}],"author":[{"embeddable":true,"href":"https:\/\/www.cordobatimes.com\/showup\/wp-json\/wp\/v2\/users\/9"}],"replies":[{"embeddable":true,"href":"https:\/\/www.cordobatimes.com\/showup\/wp-json\/wp\/v2\/comments?post=14429"}],"version-history":[{"count":0,"href":"https:\/\/www.cordobatimes.com\/showup\/wp-json\/wp\/v2\/posts\/14429\/revisions"}],"wp:featuredmedia":[{"embeddable":true,"href":"https:\/\/www.cordobatimes.com\/showup\/wp-json\/wp\/v2\/media\/14430"}],"wp:attachment":[{"href":"https:\/\/www.cordobatimes.com\/showup\/wp-json\/wp\/v2\/media?parent=14429"}],"wp:term":[{"taxonomy":"category","embeddable":true,"href":"https:\/\/www.cordobatimes.com\/showup\/wp-json\/wp\/v2\/categories?post=14429"},{"taxonomy":"post_tag","embeddable":true,"href":"https:\/\/www.cordobatimes.com\/showup\/wp-json\/wp\/v2\/tags?post=14429"}],"curies":[{"name":"wp","href":"https:\/\/api.w.org\/{rel}","templated":true}]}}