{"id":14288,"date":"2014-03-12T14:48:04","date_gmt":"2014-03-12T17:48:04","guid":{"rendered":"http:\/\/cordobatimes.com\/showup\/?p=14288"},"modified":"2019-12-17T08:57:02","modified_gmt":"2019-12-17T11:57:02","slug":"un-rolling-stone-publicara-un-libro-infantil","status":"publish","type":"post","link":"https:\/\/www.cordobatimes.com\/showup\/famosos\/2014\/03\/12\/un-rolling-stone-publicara-un-libro-infantil\/","title":{"rendered":"Un Rolling Stone publicar\u00e1 un libro infantil"},"content":{"rendered":"<h3 style=\"text-align: justify;\"><strong>Keith Richards, \u00a0publicar\u00e1 un libro para ni\u00f1os sobre sus primeros pasos en el mundo de la m\u00fasica gracias a la influencia de su abuelo, que ser\u00e1 ilustrado por su hija.<\/strong><\/h3>\n<p style=\"text-align: justify;\">\u00abGus &amp; Yo: La historia de mi abuelo y mi primera guitarra\u00bb se basa en la infancia de la estrella de rock y su relaci\u00f3n con su abuelo, Theodore Augustus Dupree, int\u00e9rprete de jazz y responsable de introducir al joven Richards a la m\u00fasica.<\/p>\n<p style=\"text-align: justify;\">Escrito en colaboraci\u00f3n con Barnaby Harris y Bill Shapiro, el libro cuenta con ilustraciones a cargo de la hija del rockero, llamada Theodora Dupree en honor al abuelo \u00abGus\u00bb.<\/p>\n<p style=\"text-align: justify;\">Se trata de \u00abuna mirada \u00edntima y poco com\u00fan hacia la infancia\u00bb del legendario m\u00fasico de 70 a\u00f1os, explic\u00f3 hoy la artista Theodora Dupree Richards, para quien \u00abtener la oportunidad de explorar la relaci\u00f3n de mi padre con su abuelo ha sido un regalo\u00bb.<\/p>\n<p style=\"text-align: justify;\">\u00abAcabo de convertirme en abuelo por quinta vez, as\u00ed que s\u00e9 de lo que estoy hablando. Ese lazo especial entre ni\u00f1os y abuelos es \u00fanico y debe ser atesorado. Esta es la historia de uno de esos m\u00e1gicos momentos. Espero ser tan buen abuelo como Gus lo fue para m\u00ed\u00bb, explic\u00f3 el guitarrista y compositor de los Stones.<\/p>\n<p style=\"text-align: justify;\">La editorial brit\u00e1nica para ni\u00f1os Little Brown publicar\u00e1 el libro en papel y en versi\u00f3n electr\u00f3nica el pr\u00f3ximo 9 de septiembre.<\/p>\n<p>&nbsp;<\/p>\n","protected":false},"excerpt":{"rendered":"<p>Keith Richards, \u00a0publicar\u00e1 un libro para ni\u00f1os sobre sus primeros pasos en el mundo de la m\u00fasica gracias a la influencia de su abuelo, que ser\u00e1 ilustrado por su hija. \u00abGus &amp; Yo: La historia de mi abuelo y mi primera guitarra\u00bb se basa en la infancia de la estrella de rock y su relaci\u00f3n [&hellip;]<\/p>\n","protected":false},"author":9,"featured_media":14338,"comment_status":"closed","ping_status":"closed","sticky":false,"template":"","format":"standard","meta":{"_seopress_robots_primary_cat":"","_seopress_titles_title":"","_seopress_titles_desc":"","_seopress_robots_index":"","footnotes":""},"categories":[4],"tags":[4691,27156],"class_list":{"0":"post-14288","1":"post","2":"type-post","3":"status-publish","4":"format-standard","5":"has-post-thumbnail","7":"category-famosos","8":"tag-gus-yo-la-historia-de-mi-abuelo-y-mi-primera-guitarra","9":"tag-los-rolling-stones-libro-infantil"},"_links":{"self":[{"href":"https:\/\/www.cordobatimes.com\/showup\/wp-json\/wp\/v2\/posts\/14288","targetHints":{"allow":["GET"]}}],"collection":[{"href":"https:\/\/www.cordobatimes.com\/showup\/wp-json\/wp\/v2\/posts"}],"about":[{"href":"https:\/\/www.cordobatimes.com\/showup\/wp-json\/wp\/v2\/types\/post"}],"author":[{"embeddable":true,"href":"https:\/\/www.cordobatimes.com\/showup\/wp-json\/wp\/v2\/users\/9"}],"replies":[{"embeddable":true,"href":"https:\/\/www.cordobatimes.com\/showup\/wp-json\/wp\/v2\/comments?post=14288"}],"version-history":[{"count":0,"href":"https:\/\/www.cordobatimes.com\/showup\/wp-json\/wp\/v2\/posts\/14288\/revisions"}],"wp:featuredmedia":[{"embeddable":true,"href":"https:\/\/www.cordobatimes.com\/showup\/wp-json\/wp\/v2\/media\/14338"}],"wp:attachment":[{"href":"https:\/\/www.cordobatimes.com\/showup\/wp-json\/wp\/v2\/media?parent=14288"}],"wp:term":[{"taxonomy":"category","embeddable":true,"href":"https:\/\/www.cordobatimes.com\/showup\/wp-json\/wp\/v2\/categories?post=14288"},{"taxonomy":"post_tag","embeddable":true,"href":"https:\/\/www.cordobatimes.com\/showup\/wp-json\/wp\/v2\/tags?post=14288"}],"curies":[{"name":"wp","href":"https:\/\/api.w.org\/{rel}","templated":true}]}}