{"id":14282,"date":"2014-03-12T15:06:52","date_gmt":"2014-03-12T18:06:52","guid":{"rendered":"http:\/\/cordobatimes.com\/showup\/?p=14282"},"modified":"2019-12-17T08:59:34","modified_gmt":"2019-12-17T11:59:34","slug":"cameron-diaz-experta-en-el-kama-sutra","status":"publish","type":"post","link":"https:\/\/www.cordobatimes.com\/showup\/famosos\/2014\/03\/12\/cameron-diaz-experta-en-el-kama-sutra\/","title":{"rendered":"Cameron D\u00edaz: experta en el Kama sutra"},"content":{"rendered":"<h3 style=\"text-align: justify;\"><strong>La actriz junto a \u00a0Jason Segel est\u00e1n dispuestos a hacer re\u00edr a los espectadores con su esperada nueva pel\u00edcula, \u00abSex Tape\u00bb, en la que ambos interpretan a una aburrida pareja que, a trav\u00e9s de las posturas sexuales casi imposibles, tratar\u00e1n de aportar algo de emoci\u00f3n a su mon\u00f3tona vida sexual.<\/strong><\/h3>\n<p style=\"text-align: justify;\">Aunque su relaci\u00f3n sentimental se enmarca \u00fanicamente en el \u00e1mbito de la ficci\u00f3n, D\u00edaz asegura que durante el rodaje de la pel\u00edcula los dos tuvieron que compartir ciertos momentos de intimidad para imprimir realismo a las escenas, lo que se traduce en algunos momentos surrealistas y de gran carga sexual.<\/p>\n<p style=\"text-align: justify;\">\u00abBueno, la verdad es que Jason y yo nos conocimos muy bien durante los primeros d\u00edas en el set de rodaje, sobre todo porque en m\u00e1s de una ocasi\u00f3n yo ten\u00eda que poner mi cola en su cara y \u00e9l no ten\u00eda m\u00e1s remedio que colocar su entrepierna enfrente de mis ojos. La experiencia fue muy divertida, a pesar de tener que compartir ese tipo de momentos de intimidad\u00bb, revel\u00f3 la simp\u00e1tica artista a la revista People.<\/p>\n<p style=\"text-align: justify;\">\u00abNo solo fue un trabajo extremadamente divertido, tambi\u00e9n fue muy duro en el plano f\u00edsico por todas esas posturas que ten\u00edamos que ejecutar en la cama.<\/p>\n<p style=\"text-align: justify;\">\u00abMuchas mujeres no son conscientes de que la vagina est\u00e1 ah\u00ed para ser utilizada, y para que se tengan en cuenta sus necesidades. Hay que meterse ah\u00ed dentro para ver lo que ocurre y cuidarla como la flor delicada que es, pero tambi\u00e9n es necesario someterla a entrenamiento para que pueda mantenerse en forma. Darle de comer, hidratarla y fertilizarla son tareas muy importantes\u00bb, concluy\u00f3.<\/p>\n<p style=\"text-align: justify;\">Informaci\u00f3n: Periodico24.com<\/p>\n","protected":false},"excerpt":{"rendered":"<p>La actriz junto a \u00a0Jason Segel est\u00e1n dispuestos a hacer re\u00edr a los espectadores con su esperada nueva pel\u00edcula, \u00abSex Tape\u00bb, en la que ambos interpretan a una aburrida pareja que, a trav\u00e9s de las posturas sexuales casi imposibles, tratar\u00e1n de aportar algo de emoci\u00f3n a su mon\u00f3tona vida sexual. Aunque su relaci\u00f3n sentimental se [&hellip;]<\/p>\n","protected":false},"author":9,"featured_media":14342,"comment_status":"closed","ping_status":"closed","sticky":false,"template":"","format":"standard","meta":{"_seopress_robots_primary_cat":"","_seopress_titles_title":"","_seopress_titles_desc":"","_seopress_robots_index":"","footnotes":""},"categories":[4],"tags":[27157,27158],"class_list":{"0":"post-14282","1":"post","2":"type-post","3":"status-publish","4":"format-standard","5":"has-post-thumbnail","7":"category-famosos","8":"tag-cameron-diaz-jason-segel","9":"tag-cameron-diaz-jason-segel-sex-tape"},"_links":{"self":[{"href":"https:\/\/www.cordobatimes.com\/showup\/wp-json\/wp\/v2\/posts\/14282","targetHints":{"allow":["GET"]}}],"collection":[{"href":"https:\/\/www.cordobatimes.com\/showup\/wp-json\/wp\/v2\/posts"}],"about":[{"href":"https:\/\/www.cordobatimes.com\/showup\/wp-json\/wp\/v2\/types\/post"}],"author":[{"embeddable":true,"href":"https:\/\/www.cordobatimes.com\/showup\/wp-json\/wp\/v2\/users\/9"}],"replies":[{"embeddable":true,"href":"https:\/\/www.cordobatimes.com\/showup\/wp-json\/wp\/v2\/comments?post=14282"}],"version-history":[{"count":0,"href":"https:\/\/www.cordobatimes.com\/showup\/wp-json\/wp\/v2\/posts\/14282\/revisions"}],"wp:featuredmedia":[{"embeddable":true,"href":"https:\/\/www.cordobatimes.com\/showup\/wp-json\/wp\/v2\/media\/14342"}],"wp:attachment":[{"href":"https:\/\/www.cordobatimes.com\/showup\/wp-json\/wp\/v2\/media?parent=14282"}],"wp:term":[{"taxonomy":"category","embeddable":true,"href":"https:\/\/www.cordobatimes.com\/showup\/wp-json\/wp\/v2\/categories?post=14282"},{"taxonomy":"post_tag","embeddable":true,"href":"https:\/\/www.cordobatimes.com\/showup\/wp-json\/wp\/v2\/tags?post=14282"}],"curies":[{"name":"wp","href":"https:\/\/api.w.org\/{rel}","templated":true}]}}