{"id":14275,"date":"2014-03-12T12:58:58","date_gmt":"2014-03-12T15:58:58","guid":{"rendered":"http:\/\/cordobatimes.com\/showup\/?p=14275"},"modified":"2019-12-17T09:54:09","modified_gmt":"2019-12-17T12:54:09","slug":"flor-de-la-v-iniciara-acciones-legales-contra-mariana-fabianni-video","status":"publish","type":"post","link":"https:\/\/www.cordobatimes.com\/showup\/famosos\/2014\/03\/12\/flor-de-la-v-iniciara-acciones-legales-contra-mariana-fabianni-video\/","title":{"rendered":"Flor de la V iniciar\u00e1 acciones legales contra Mariana Fabbiani (Video)"},"content":{"rendered":"<h3 style=\"text-align: justify;\"><strong>La reconocida actriz y conductora se mostr\u00f3 muy enojada frente a la falsa informaci\u00f3n que difundieron en \u00abEl diario de Mariana\u00bb. \u00bfNo te enteraste? Entonces no te pierdas esta nota.\u00a0<\/strong><\/h3>\n<p style=\"text-align: justify;\">Flor de la V fue parte del \u00abInc\u00f3gnito\u00bb, uno de los segmentos m\u00e1s importantes del programa matutito que conduce Mariana Fabbiani. En \u00e9l afirmaban que la mam\u00e1 de los gemelos hab\u00eda gastado \u00a0100 mil d\u00f3lares en 35 pares de zapatos en su \u00faltimo viaje a Miami.<\/p>\n<p style=\"text-align: justify;\">Las c\u00e1maras de Farandulashow.com la encontraron en una cena entre amigos del festejo del D\u00eda de la mujer y le preguntaron al respecto.<\/p>\n<p style=\"text-align: justify;\">\u00a8En el momento que estaban diciendo el enigm\u00e1tico, envi\u00e9 un mensaje para decir que era mentira y siguieron con su juego\u00a8.<\/p>\n<p style=\"text-align: justify;\">Ante la pregunta del notero sobre si iniciar\u00e1 cuestiones legales, la conductora de \u00abLa Pelu\u00bb contest\u00f3 con un rotundo \u00abSi\u00bb.<\/p>\n<p style=\"text-align: justify;\">No te pierdas el video.<\/p>\n<p><iframe loading=\"lazy\" src=\"\/\/www.youtube.com\/embed\/w3oct5yUMZI\" width=\"560\" height=\"315\" frameborder=\"0\" allowfullscreen=\"allowfullscreen\"><\/iframe>)<\/p>\n","protected":false},"excerpt":{"rendered":"<p>La reconocida actriz y conductora se mostr\u00f3 muy enojada frente a la falsa informaci\u00f3n que difundieron en \u00abEl diario de Mariana\u00bb. \u00bfNo te enteraste? Entonces no te pierdas esta nota.\u00a0 Flor de la V fue parte del \u00abInc\u00f3gnito\u00bb, uno de los segmentos m\u00e1s importantes del programa matutito que conduce Mariana Fabbiani. En \u00e9l afirmaban que [&hellip;]<\/p>\n","protected":false},"author":9,"featured_media":14293,"comment_status":"closed","ping_status":"closed","sticky":false,"template":"","format":"standard","meta":{"_seopress_robots_primary_cat":"","_seopress_titles_title":"","_seopress_titles_desc":"","_seopress_robots_index":"","footnotes":""},"categories":[4],"tags":[27170,27171,27169],"class_list":{"0":"post-14275","1":"post","2":"type-post","3":"status-publish","4":"format-standard","5":"has-post-thumbnail","7":"category-famosos","8":"tag-flor-de-la-v-acciones-legales-contra-mariana-fabbiani","9":"tag-flor-de-la-v-el-diario-de-mariana","10":"tag-flor-de-la-v-mariana-fabbiani"},"_links":{"self":[{"href":"https:\/\/www.cordobatimes.com\/showup\/wp-json\/wp\/v2\/posts\/14275","targetHints":{"allow":["GET"]}}],"collection":[{"href":"https:\/\/www.cordobatimes.com\/showup\/wp-json\/wp\/v2\/posts"}],"about":[{"href":"https:\/\/www.cordobatimes.com\/showup\/wp-json\/wp\/v2\/types\/post"}],"author":[{"embeddable":true,"href":"https:\/\/www.cordobatimes.com\/showup\/wp-json\/wp\/v2\/users\/9"}],"replies":[{"embeddable":true,"href":"https:\/\/www.cordobatimes.com\/showup\/wp-json\/wp\/v2\/comments?post=14275"}],"version-history":[{"count":0,"href":"https:\/\/www.cordobatimes.com\/showup\/wp-json\/wp\/v2\/posts\/14275\/revisions"}],"wp:featuredmedia":[{"embeddable":true,"href":"https:\/\/www.cordobatimes.com\/showup\/wp-json\/wp\/v2\/media\/14293"}],"wp:attachment":[{"href":"https:\/\/www.cordobatimes.com\/showup\/wp-json\/wp\/v2\/media?parent=14275"}],"wp:term":[{"taxonomy":"category","embeddable":true,"href":"https:\/\/www.cordobatimes.com\/showup\/wp-json\/wp\/v2\/categories?post=14275"},{"taxonomy":"post_tag","embeddable":true,"href":"https:\/\/www.cordobatimes.com\/showup\/wp-json\/wp\/v2\/tags?post=14275"}],"curies":[{"name":"wp","href":"https:\/\/api.w.org\/{rel}","templated":true}]}}