{"id":14176,"date":"2014-03-11T05:21:59","date_gmt":"2014-03-11T08:21:59","guid":{"rendered":"http:\/\/cordobatimes.com\/showup\/?p=14176"},"modified":"2019-12-17T19:59:25","modified_gmt":"2019-12-17T22:59:25","slug":"guido-suller-quiere-tener-un-hijo-video","status":"publish","type":"post","link":"https:\/\/www.cordobatimes.com\/showup\/famosos\/2014\/03\/11\/guido-suller-quiere-tener-un-hijo-video\/","title":{"rendered":"Guido S\u00fcller quiere tener un hijo (Video)"},"content":{"rendered":"<h3 style=\"text-align: justify;\"><strong>El medi\u00e1tico estuvo en el piso \u00a0de \u00abInfama\u00bb y se emocion\u00f3 al contar que con Tomasito solo \u00abbuscaba un hijo\u00bb. Enterate todo en esta nota.\u00a0<\/strong><\/h3>\n<p style=\"text-align: justify;\">\u00abTodo lo que le d\u00ed era desinteresado, si todo lo que ped\u00eda era afecto. Yo estoy solo en una casa grande, quer\u00eda una compa\u00f1\u00eda, aunque sea sino quer\u00eda ser mi hijo\u00bb, relat\u00f3 Guido.<\/p>\n<p style=\"text-align: justify;\">Guido revel\u00f3 su angustia por no ser padre y no vivir esa etapa en su vida. \u00abVe\u00eda a todos mis amigos y compa\u00f1eros que tienen hijos, y que muestran las fotos de sus hijos, y me cuentan sus cosas, y cuando me preguntan a mi no se qu\u00e9 contar afectivamente. Dije &#8216;voy a tratar con este chico&#8217;, que me pase algo parecido a lo que le pasa a todas las personas, y me sali\u00f3 recontra mal\u00bb.<\/p>\n<p style=\"text-align: justify;\">\u00ab\u00c9l no fue hijo, va a la tele a tratar de destruirme cuando yo lo \u00fanico que le hice fue bien. Soy sincero y las l\u00e1grimas son verdaderas. Pero cuando me falt\u00f3 el respeto y me golpe\u00f3 le dije &#8216;basta Tom\u00e1s'\u00bb, sentenci\u00f3.<\/p>\n<p><iframe loading=\"lazy\" src=\"\/\/www.youtube.com\/embed\/WZR_8Ikv7sc\" width=\"420\" height=\"315\" frameborder=\"0\" allowfullscreen=\"allowfullscreen\"><\/iframe><\/p>\n<p>Informaci\u00f3n: Pronto.com<\/p>\n","protected":false},"excerpt":{"rendered":"<p>El medi\u00e1tico estuvo en el piso \u00a0de \u00abInfama\u00bb y se emocion\u00f3 al contar que con Tomasito solo \u00abbuscaba un hijo\u00bb. Enterate todo en esta nota.\u00a0 \u00abTodo lo que le d\u00ed era desinteresado, si todo lo que ped\u00eda era afecto. Yo estoy solo en una casa grande, quer\u00eda una compa\u00f1\u00eda, aunque sea sino quer\u00eda ser mi [&hellip;]<\/p>\n","protected":false},"author":9,"featured_media":14177,"comment_status":"closed","ping_status":"closed","sticky":false,"template":"","format":"standard","meta":{"_seopress_robots_primary_cat":"","_seopress_titles_title":"","_seopress_titles_desc":"","_seopress_robots_index":"","footnotes":""},"categories":[4],"tags":[27188,27189],"class_list":{"0":"post-14176","1":"post","2":"type-post","3":"status-publish","4":"format-standard","5":"has-post-thumbnail","7":"category-famosos","8":"tag-guido-suller-quiere-un-hijo","9":"tag-guido-suller-tomasito"},"_links":{"self":[{"href":"https:\/\/www.cordobatimes.com\/showup\/wp-json\/wp\/v2\/posts\/14176","targetHints":{"allow":["GET"]}}],"collection":[{"href":"https:\/\/www.cordobatimes.com\/showup\/wp-json\/wp\/v2\/posts"}],"about":[{"href":"https:\/\/www.cordobatimes.com\/showup\/wp-json\/wp\/v2\/types\/post"}],"author":[{"embeddable":true,"href":"https:\/\/www.cordobatimes.com\/showup\/wp-json\/wp\/v2\/users\/9"}],"replies":[{"embeddable":true,"href":"https:\/\/www.cordobatimes.com\/showup\/wp-json\/wp\/v2\/comments?post=14176"}],"version-history":[{"count":0,"href":"https:\/\/www.cordobatimes.com\/showup\/wp-json\/wp\/v2\/posts\/14176\/revisions"}],"wp:featuredmedia":[{"embeddable":true,"href":"https:\/\/www.cordobatimes.com\/showup\/wp-json\/wp\/v2\/media\/14177"}],"wp:attachment":[{"href":"https:\/\/www.cordobatimes.com\/showup\/wp-json\/wp\/v2\/media?parent=14176"}],"wp:term":[{"taxonomy":"category","embeddable":true,"href":"https:\/\/www.cordobatimes.com\/showup\/wp-json\/wp\/v2\/categories?post=14176"},{"taxonomy":"post_tag","embeddable":true,"href":"https:\/\/www.cordobatimes.com\/showup\/wp-json\/wp\/v2\/tags?post=14176"}],"curies":[{"name":"wp","href":"https:\/\/api.w.org\/{rel}","templated":true}]}}