{"id":14032,"date":"2014-03-09T22:53:12","date_gmt":"2014-03-10T01:53:12","guid":{"rendered":"http:\/\/cordobatimes.com\/showup\/?p=14032"},"modified":"2019-12-18T11:21:28","modified_gmt":"2019-12-18T14:21:28","slug":"muere-el-perro-que-paso-9-anos-junto-a-la-tumba-de-su-dueno","status":"publish","type":"post","link":"https:\/\/www.cordobatimes.com\/showup\/curiosidades\/2014\/03\/09\/muere-el-perro-que-paso-9-anos-junto-a-la-tumba-de-su-dueno\/","title":{"rendered":"Muere el perro que pas\u00f3 9 a\u00f1os junto a la tumba de su due\u00f1o"},"content":{"rendered":"<h3 style=\"text-align: justify;\"><strong>\u00abCalafate\u00bb lleg\u00f3 a ser el animal m\u00e1s conocido de la ciudad de R\u00edo Grande: no quiso dejar a su due\u00f1o fallecido y vivi\u00f3 m\u00e1s de nueve a\u00f1os en el cementerio municipal, junto a su tumba. As\u00ed es la triste historia del fin del animal.<\/strong><\/h3>\n<p style=\"text-align: justify;\">Esta historia conmovedora se remonta al a\u00f1o 2004, cuando Pedro Vera C\u00e1rcamo, un pe\u00f3n chileno que viv\u00eda en el departamento de R\u00edo Grande (provincia de Tierra de Fuego, Argentina), muri\u00f3 en un accidente de trabajo. Su mascota, un perro mestizo llamado Calafate, se escapaba continuamente e iba directamente al cementerio, donde fue enterrado su due\u00f1o, hasta que un d\u00eda decidi\u00f3 quedarse a vivir all\u00ed.<\/p>\n<p style=\"text-align: justify;\">Al principio los empleados del cementerio echaban a Calafate. \u00abPuede ser que alg\u00fan perro se metiera y siempre los sac\u00e1bamos. En el caso de Calafate recuerdo que ten\u00eda hambre y lo sorprend\u00edamos comi\u00e9ndose las velas, por lo que lo sac\u00e1bamos corriendo, pero siempre volv\u00eda\u00bb, cita el diario local &#8216;El sure\u00f1o&#8217; a uno de los empleados.<\/p>\n<p style=\"text-align: justify;\">A pesar de todos los obst\u00e1culos, el perro logr\u00f3 vivir nueve a\u00f1os en la tumba de su amo convirti\u00e9ndose en el animal m\u00e1s conocido de la ciudad y llegando a ser ya \u00abparte del paisaje cotidiano\u00bb del cementerio: los visitantes preguntaban por \u00e9l y le llevaban comida.<\/p>\n<p style=\"text-align: justify;\">La semana pasada Calafate tuvo un tr\u00e1gico final: fue atacado por dos perros y result\u00f3 herido. Al principio present\u00f3 mejor\u00edas, pero el martes los empleados del cementerio lo encontraron muerto.<\/p>\n<p style=\"text-align: justify;\">El perro fue enterrado cerca de la tumba de su querido due\u00f1o.<\/p>\n","protected":false},"excerpt":{"rendered":"<p>\u00abCalafate\u00bb lleg\u00f3 a ser el animal m\u00e1s conocido de la ciudad de R\u00edo Grande: no quiso dejar a su due\u00f1o fallecido y vivi\u00f3 m\u00e1s de nueve a\u00f1os en el cementerio municipal, junto a su tumba. As\u00ed es la triste historia del fin del animal. Esta historia conmovedora se remonta al a\u00f1o 2004, cuando Pedro Vera [&hellip;]<\/p>\n","protected":false},"author":1,"featured_media":14033,"comment_status":"closed","ping_status":"closed","sticky":false,"template":"","format":"standard","meta":{"_seopress_robots_primary_cat":"","_seopress_titles_title":"","_seopress_titles_desc":"","_seopress_robots_index":"","footnotes":""},"categories":[8],"tags":[27212,4548],"class_list":{"0":"post-14032","1":"post","2":"type-post","3":"status-publish","4":"format-standard","5":"has-post-thumbnail","7":"category-curiosidades","8":"tag-muerte-del-perro-calafate","9":"tag-perro-cuida-la-tumba-de-su-dueno"},"_links":{"self":[{"href":"https:\/\/www.cordobatimes.com\/showup\/wp-json\/wp\/v2\/posts\/14032","targetHints":{"allow":["GET"]}}],"collection":[{"href":"https:\/\/www.cordobatimes.com\/showup\/wp-json\/wp\/v2\/posts"}],"about":[{"href":"https:\/\/www.cordobatimes.com\/showup\/wp-json\/wp\/v2\/types\/post"}],"author":[{"embeddable":true,"href":"https:\/\/www.cordobatimes.com\/showup\/wp-json\/wp\/v2\/users\/1"}],"replies":[{"embeddable":true,"href":"https:\/\/www.cordobatimes.com\/showup\/wp-json\/wp\/v2\/comments?post=14032"}],"version-history":[{"count":0,"href":"https:\/\/www.cordobatimes.com\/showup\/wp-json\/wp\/v2\/posts\/14032\/revisions"}],"wp:featuredmedia":[{"embeddable":true,"href":"https:\/\/www.cordobatimes.com\/showup\/wp-json\/wp\/v2\/media\/14033"}],"wp:attachment":[{"href":"https:\/\/www.cordobatimes.com\/showup\/wp-json\/wp\/v2\/media?parent=14032"}],"wp:term":[{"taxonomy":"category","embeddable":true,"href":"https:\/\/www.cordobatimes.com\/showup\/wp-json\/wp\/v2\/categories?post=14032"},{"taxonomy":"post_tag","embeddable":true,"href":"https:\/\/www.cordobatimes.com\/showup\/wp-json\/wp\/v2\/tags?post=14032"}],"curies":[{"name":"wp","href":"https:\/\/api.w.org\/{rel}","templated":true}]}}