{"id":13989,"date":"2014-03-09T05:30:00","date_gmt":"2014-03-09T08:30:00","guid":{"rendered":"http:\/\/cordobatimes.com\/showup\/?p=13989"},"modified":"2019-12-18T11:46:16","modified_gmt":"2019-12-18T14:46:16","slug":"angelina-jolie-pasara-por-el-quirofano","status":"publish","type":"post","link":"https:\/\/www.cordobatimes.com\/showup\/famosos\/2014\/03\/09\/angelina-jolie-pasara-por-el-quirofano\/","title":{"rendered":"Angelina Jolie pasar\u00e1 por el quir\u00f3fano"},"content":{"rendered":"<h3 style=\"text-align: justify;\"><strong>La actriz y directora confes\u00f3 que volver\u00e1 a intervenirse para practicarse otra intervenci\u00f3n quir\u00fargica preventiva contra el c\u00e1ncer. Recordemos que la mujer de Brad Pitt se realiz\u00f3 una mastectom\u00eda en 2013. Todo lo que quer\u00e9s saber, en esta nota.\u00a0<\/strong><\/h3>\n<p style=\"text-align: justify;\">\u00abA\u00fan queda por hacer una cirug\u00eda que no me he hecho todav\u00eda\u00bb, asegur\u00f3 en di\u00e1logo con la revista Entertainment Weekly, a la cual luego de realizarle diversas pruebas gen\u00e9ticas le descubrieron que pose\u00eda altas probabilidades de padecer c\u00e1ncer de mama y que tambi\u00e9n ten\u00eda predisposici\u00f3n al de ovarios, por lo que prefiere no correr riesgos.<\/p>\n<p style=\"text-align: justify;\">Angelina, quien se manifest\u00f3 \u00abfeliz\u00bb con la decisi\u00f3n que tom\u00f3 el a\u00f1o pasado y muy agradecida por haber tenido una buena recuperaci\u00f3n, devel\u00f3 adem\u00e1s que en esa oportunidad cont\u00f3 con el apoyo incondicional de su familia y de los mejores profesionales, los mismos que estar\u00e1n junto a ella en su pr\u00f3ximo paso.<\/p>\n<p style=\"text-align: justify;\">\u00abMe dejar\u00e9 aconsejar por esas maravillosas personas para pasar a la siguiente etapa\u00bb, indic\u00f3 la protagonista de Mal\u00e9fica, a la cual se la vio radiante durante la \u00faltima entrega de los premios Oscar.<\/p>\n","protected":false},"excerpt":{"rendered":"<p>La actriz y directora confes\u00f3 que volver\u00e1 a intervenirse para practicarse otra intervenci\u00f3n quir\u00fargica preventiva contra el c\u00e1ncer. Recordemos que la mujer de Brad Pitt se realiz\u00f3 una mastectom\u00eda en 2013. Todo lo que quer\u00e9s saber, en esta nota.\u00a0 \u00abA\u00fan queda por hacer una cirug\u00eda que no me he hecho todav\u00eda\u00bb, asegur\u00f3 en di\u00e1logo con [&hellip;]<\/p>\n","protected":false},"author":9,"featured_media":13995,"comment_status":"closed","ping_status":"closed","sticky":false,"template":"","format":"standard","meta":{"_seopress_robots_primary_cat":"","_seopress_titles_title":"","_seopress_titles_desc":"","_seopress_robots_index":"","footnotes":""},"categories":[4],"tags":[27217,27216],"class_list":{"0":"post-13989","1":"post","2":"type-post","3":"status-publish","4":"format-standard","5":"has-post-thumbnail","7":"category-famosos","8":"tag-angelina-jolie-cancer-de-mama","9":"tag-angelina-jolie-intervencion-quirurgica-preventiva-contra-el-cancer"},"_links":{"self":[{"href":"https:\/\/www.cordobatimes.com\/showup\/wp-json\/wp\/v2\/posts\/13989","targetHints":{"allow":["GET"]}}],"collection":[{"href":"https:\/\/www.cordobatimes.com\/showup\/wp-json\/wp\/v2\/posts"}],"about":[{"href":"https:\/\/www.cordobatimes.com\/showup\/wp-json\/wp\/v2\/types\/post"}],"author":[{"embeddable":true,"href":"https:\/\/www.cordobatimes.com\/showup\/wp-json\/wp\/v2\/users\/9"}],"replies":[{"embeddable":true,"href":"https:\/\/www.cordobatimes.com\/showup\/wp-json\/wp\/v2\/comments?post=13989"}],"version-history":[{"count":0,"href":"https:\/\/www.cordobatimes.com\/showup\/wp-json\/wp\/v2\/posts\/13989\/revisions"}],"wp:featuredmedia":[{"embeddable":true,"href":"https:\/\/www.cordobatimes.com\/showup\/wp-json\/wp\/v2\/media\/13995"}],"wp:attachment":[{"href":"https:\/\/www.cordobatimes.com\/showup\/wp-json\/wp\/v2\/media?parent=13989"}],"wp:term":[{"taxonomy":"category","embeddable":true,"href":"https:\/\/www.cordobatimes.com\/showup\/wp-json\/wp\/v2\/categories?post=13989"},{"taxonomy":"post_tag","embeddable":true,"href":"https:\/\/www.cordobatimes.com\/showup\/wp-json\/wp\/v2\/tags?post=13989"}],"curies":[{"name":"wp","href":"https:\/\/api.w.org\/{rel}","templated":true}]}}