{"id":13971,"date":"2014-03-08T18:11:52","date_gmt":"2014-03-08T21:11:52","guid":{"rendered":"http:\/\/cordobatimes.com\/showup\/?p=13971"},"modified":"2019-12-18T12:06:55","modified_gmt":"2019-12-18T15:06:55","slug":"oggi-junco-festejo-su-primer-dia-de-la-mujer-como-orianna","status":"publish","type":"post","link":"https:\/\/www.cordobatimes.com\/showup\/famosos\/2014\/03\/08\/oggi-junco-festejo-su-primer-dia-de-la-mujer-como-orianna\/","title":{"rendered":"Oggi Junco festej\u00f3 su primer D\u00eda de la Mujer como Orianna"},"content":{"rendered":"<h3 style=\"text-align: justify;\"><b>El conocido medi\u00e1tico \u00a0hace poco asumi\u00f3 su identidad femenina bajo el nombre de Orianna y complet\u00f3 su transformaci\u00f3n total. Por eso, al D\u00eda de la Mujer, decidi\u00f3 festejarlo de manera particular.<\/b><\/h3>\n<p style=\"text-align: justify;\">\u00abFeliz d\u00eda para todas las mujeres y para las que nos sentimos as\u00ed tambi\u00e9n\u00bb, escribi\u00f3 Oggi en Twitter. Y junto al mensaje puso una foto en la que se la ve producida con un tremendo escote.<\/p>\n<blockquote class=\"twitter-tweet\" data-lang=\"es\">\n<p dir=\"ltr\" lang=\"es\">SALUD AMIGAS FELIZ DIA! <a href=\"http:\/\/t.co\/OshIqflQ9R\">pic.twitter.com\/OshIqflQ9R<\/a><\/p>\n<p>\u2014 Oriana junco (@Orianajuncotop) <a href=\"https:\/\/twitter.com\/Orianajuncotop\/status\/442146595417915392?ref_src=twsrc%5Etfw\">8 de marzo de 2014<\/a><\/p><\/blockquote>\n<p><script async src=\"https:\/\/platform.twitter.com\/widgets.js\" charset=\"utf-8\"><\/script><\/p>\n<p>Orianna, como se hace llamar, se agreg\u00f3 cabello, se afin\u00f3 la nariz, se oper\u00f3 la cola y hasta se inyect\u00f3 col\u00e1geno en los labios. A pesar de que en su DNI figura el nombre Orianna, ella afirma que le gusta que le digan Oggi, porque esa es su marca registrada.<\/p>\n","protected":false},"excerpt":{"rendered":"<p>El conocido medi\u00e1tico \u00a0hace poco asumi\u00f3 su identidad femenina bajo el nombre de Orianna y complet\u00f3 su transformaci\u00f3n total. Por eso, al D\u00eda de la Mujer, decidi\u00f3 festejarlo de manera particular. \u00abFeliz d\u00eda para todas las mujeres y para las que nos sentimos as\u00ed tambi\u00e9n\u00bb, escribi\u00f3 Oggi en Twitter. Y junto al mensaje puso una [&hellip;]<\/p>\n","protected":false},"author":9,"featured_media":13972,"comment_status":"closed","ping_status":"closed","sticky":false,"template":"","format":"standard","meta":{"_seopress_robots_primary_cat":"","_seopress_titles_title":"","_seopress_titles_desc":"","_seopress_robots_index":"","footnotes":""},"categories":[4],"tags":[27223,27222],"class_list":{"0":"post-13971","1":"post","2":"type-post","3":"status-publish","4":"format-standard","5":"has-post-thumbnail","7":"category-famosos","8":"tag-oggi-junco-festejo-su-primer-dia-de-la-mujer","9":"tag-oggi-junco-orianna"},"_links":{"self":[{"href":"https:\/\/www.cordobatimes.com\/showup\/wp-json\/wp\/v2\/posts\/13971","targetHints":{"allow":["GET"]}}],"collection":[{"href":"https:\/\/www.cordobatimes.com\/showup\/wp-json\/wp\/v2\/posts"}],"about":[{"href":"https:\/\/www.cordobatimes.com\/showup\/wp-json\/wp\/v2\/types\/post"}],"author":[{"embeddable":true,"href":"https:\/\/www.cordobatimes.com\/showup\/wp-json\/wp\/v2\/users\/9"}],"replies":[{"embeddable":true,"href":"https:\/\/www.cordobatimes.com\/showup\/wp-json\/wp\/v2\/comments?post=13971"}],"version-history":[{"count":0,"href":"https:\/\/www.cordobatimes.com\/showup\/wp-json\/wp\/v2\/posts\/13971\/revisions"}],"wp:featuredmedia":[{"embeddable":true,"href":"https:\/\/www.cordobatimes.com\/showup\/wp-json\/wp\/v2\/media\/13972"}],"wp:attachment":[{"href":"https:\/\/www.cordobatimes.com\/showup\/wp-json\/wp\/v2\/media?parent=13971"}],"wp:term":[{"taxonomy":"category","embeddable":true,"href":"https:\/\/www.cordobatimes.com\/showup\/wp-json\/wp\/v2\/categories?post=13971"},{"taxonomy":"post_tag","embeddable":true,"href":"https:\/\/www.cordobatimes.com\/showup\/wp-json\/wp\/v2\/tags?post=13971"}],"curies":[{"name":"wp","href":"https:\/\/api.w.org\/{rel}","templated":true}]}}