{"id":13951,"date":"2014-03-08T16:51:07","date_gmt":"2014-03-08T19:51:07","guid":{"rendered":"http:\/\/cordobatimes.com\/showup\/?p=13951"},"modified":"2019-12-18T12:46:35","modified_gmt":"2019-12-18T15:46:35","slug":"chiche-gelblung-tuvo-un-infarto","status":"publish","type":"post","link":"https:\/\/www.cordobatimes.com\/showup\/famosos\/2014\/03\/08\/chiche-gelblung-tuvo-un-infarto\/","title":{"rendered":"Chiche Gelblung tuvo un infarto"},"content":{"rendered":"<h3 style=\"text-align: justify;\"><strong>El conductor pas\u00f3 un muy mal momento por la madrugada. Todos los detalles, en esta nota. \u00a0<\/strong><\/h3>\n<p style=\"text-align: justify;\">Fue atendido en el Sanatorio Mater Dei, ubicado en el barrio de Palermo, seg\u00fan inform\u00f3 RatingCero.<\/p>\n<p style=\"text-align: justify;\">El periodista y conductor se encontraba en su casa cuando se sinti\u00f3 mal y decidi\u00f3 hacer una consulta m\u00e9dica en la cl\u00ednica. All\u00ed recibi\u00f3 r\u00e1pidamente los primeros auxilios y fue estabilizado.<\/p>\n<p style=\"text-align: justify;\">Por el momento, se encuentra en compa\u00f1\u00eda de sus familiares y continuar\u00e1 internado hasta que los m\u00e9dicos decidan darle el alta y pueda retomar su vida cotidiana.<\/p>\n","protected":false},"excerpt":{"rendered":"<p>El conductor pas\u00f3 un muy mal momento por la madrugada. Todos los detalles, en esta nota. \u00a0 Fue atendido en el Sanatorio Mater Dei, ubicado en el barrio de Palermo, seg\u00fan inform\u00f3 RatingCero. El periodista y conductor se encontraba en su casa cuando se sinti\u00f3 mal y decidi\u00f3 hacer una consulta m\u00e9dica en la cl\u00ednica. [&hellip;]<\/p>\n","protected":false},"author":9,"featured_media":13952,"comment_status":"closed","ping_status":"closed","sticky":false,"template":"","format":"standard","meta":{"_seopress_robots_primary_cat":"","_seopress_titles_title":"","_seopress_titles_desc":"","_seopress_robots_index":"","footnotes":""},"categories":[4],"tags":[27228,27227],"class_list":{"0":"post-13951","1":"post","2":"type-post","3":"status-publish","4":"format-standard","5":"has-post-thumbnail","7":"category-famosos","8":"tag-estado-de-salud-de-chiche-gelblung","9":"tag-infarto-de-chiche-gelblung"},"_links":{"self":[{"href":"https:\/\/www.cordobatimes.com\/showup\/wp-json\/wp\/v2\/posts\/13951","targetHints":{"allow":["GET"]}}],"collection":[{"href":"https:\/\/www.cordobatimes.com\/showup\/wp-json\/wp\/v2\/posts"}],"about":[{"href":"https:\/\/www.cordobatimes.com\/showup\/wp-json\/wp\/v2\/types\/post"}],"author":[{"embeddable":true,"href":"https:\/\/www.cordobatimes.com\/showup\/wp-json\/wp\/v2\/users\/9"}],"replies":[{"embeddable":true,"href":"https:\/\/www.cordobatimes.com\/showup\/wp-json\/wp\/v2\/comments?post=13951"}],"version-history":[{"count":0,"href":"https:\/\/www.cordobatimes.com\/showup\/wp-json\/wp\/v2\/posts\/13951\/revisions"}],"wp:featuredmedia":[{"embeddable":true,"href":"https:\/\/www.cordobatimes.com\/showup\/wp-json\/wp\/v2\/media\/13952"}],"wp:attachment":[{"href":"https:\/\/www.cordobatimes.com\/showup\/wp-json\/wp\/v2\/media?parent=13951"}],"wp:term":[{"taxonomy":"category","embeddable":true,"href":"https:\/\/www.cordobatimes.com\/showup\/wp-json\/wp\/v2\/categories?post=13951"},{"taxonomy":"post_tag","embeddable":true,"href":"https:\/\/www.cordobatimes.com\/showup\/wp-json\/wp\/v2\/tags?post=13951"}],"curies":[{"name":"wp","href":"https:\/\/api.w.org\/{rel}","templated":true}]}}