{"id":13903,"date":"2014-03-07T18:12:58","date_gmt":"2014-03-07T21:12:58","guid":{"rendered":"http:\/\/cordobatimes.com\/showup\/?p=13903"},"modified":"2019-12-18T16:46:31","modified_gmt":"2019-12-18T19:46:31","slug":"incomoda-pregunta-a-agustina-cherry-por-su-peso-video","status":"publish","type":"post","link":"https:\/\/www.cordobatimes.com\/showup\/tv\/2014\/03\/07\/incomoda-pregunta-a-agustina-cherry-por-su-peso-video\/","title":{"rendered":"Inc\u00f3moda pregunta a Agustina Cherri por su peso (Video)"},"content":{"rendered":"<h3 style=\"text-align: justify;\"><strong>La actriz y su compa\u00f1ero de tira, Nicol\u00e1s V\u00e1zquez dieron un m\u00f3vil en vivo a el \u00abDiario de Mariana\u00bb, contando la intimidad de \u00abMis amigos de siempre\u00bb, debatiendo sobre las historias de amor que se enredan en la ficci\u00f3n.<\/strong><\/h3>\n<p style=\"text-align: justify;\">Mariana Fabbiani tom\u00f3 por sorpresa a la actriz y se meti\u00f3 en un tema que al parecer estaba pautado no hablar por el momento inc\u00f3modo que se gener\u00f3.<\/p>\n<p style=\"text-align: justify;\">La delgadez de Cherri desat\u00f3 el debate, y al parecer, Agustina decidi\u00f3 evitar el tema. Esto no sucedi\u00f3 en el m\u00f3vil, y se la not\u00f3 muy inc\u00f3moda.<\/p>\n<p style=\"text-align: justify;\">No te pierdas este video.<\/p>\n<p><iframe loading=\"lazy\" src=\"\/\/www.youtube.com\/embed\/oGPKW_erAhg\" width=\"420\" height=\"315\" frameborder=\"0\" allowfullscreen=\"allowfullscreen\"><\/iframe><\/p>\n","protected":false},"excerpt":{"rendered":"<p>La actriz y su compa\u00f1ero de tira, Nicol\u00e1s V\u00e1zquez dieron un m\u00f3vil en vivo a el \u00abDiario de Mariana\u00bb, contando la intimidad de \u00abMis amigos de siempre\u00bb, debatiendo sobre las historias de amor que se enredan en la ficci\u00f3n. Mariana Fabbiani tom\u00f3 por sorpresa a la actriz y se meti\u00f3 en un tema que al [&hellip;]<\/p>\n","protected":false},"author":9,"featured_media":13905,"comment_status":"closed","ping_status":"closed","sticky":false,"template":"","format":"standard","meta":{"_seopress_robots_primary_cat":"","_seopress_titles_title":"","_seopress_titles_desc":"","_seopress_robots_index":"","footnotes":""},"categories":[2],"tags":[27241,27240],"class_list":{"0":"post-13903","1":"post","2":"type-post","3":"status-publish","4":"format-standard","5":"has-post-thumbnail","7":"category-tv","8":"tag-agustina-cherri-en-el-diario-de-mariana","9":"tag-pregunta-a-agustina-cherry-por-su-peso"},"_links":{"self":[{"href":"https:\/\/www.cordobatimes.com\/showup\/wp-json\/wp\/v2\/posts\/13903","targetHints":{"allow":["GET"]}}],"collection":[{"href":"https:\/\/www.cordobatimes.com\/showup\/wp-json\/wp\/v2\/posts"}],"about":[{"href":"https:\/\/www.cordobatimes.com\/showup\/wp-json\/wp\/v2\/types\/post"}],"author":[{"embeddable":true,"href":"https:\/\/www.cordobatimes.com\/showup\/wp-json\/wp\/v2\/users\/9"}],"replies":[{"embeddable":true,"href":"https:\/\/www.cordobatimes.com\/showup\/wp-json\/wp\/v2\/comments?post=13903"}],"version-history":[{"count":0,"href":"https:\/\/www.cordobatimes.com\/showup\/wp-json\/wp\/v2\/posts\/13903\/revisions"}],"wp:featuredmedia":[{"embeddable":true,"href":"https:\/\/www.cordobatimes.com\/showup\/wp-json\/wp\/v2\/media\/13905"}],"wp:attachment":[{"href":"https:\/\/www.cordobatimes.com\/showup\/wp-json\/wp\/v2\/media?parent=13903"}],"wp:term":[{"taxonomy":"category","embeddable":true,"href":"https:\/\/www.cordobatimes.com\/showup\/wp-json\/wp\/v2\/categories?post=13903"},{"taxonomy":"post_tag","embeddable":true,"href":"https:\/\/www.cordobatimes.com\/showup\/wp-json\/wp\/v2\/tags?post=13903"}],"curies":[{"name":"wp","href":"https:\/\/api.w.org\/{rel}","templated":true}]}}