{"id":13637,"date":"2014-03-05T12:37:58","date_gmt":"2014-03-05T15:37:58","guid":{"rendered":"http:\/\/cordobatimes.com\/showup\/?p=13637"},"modified":"2019-12-19T19:25:04","modified_gmt":"2019-12-19T22:25:04","slug":"hablo-la-moda-carolina-herrera-dijo-que-maduro-es-un-dictador","status":"publish","type":"post","link":"https:\/\/www.cordobatimes.com\/showup\/moda-y-estilos\/2014\/03\/05\/hablo-la-moda-carolina-herrera-dijo-que-maduro-es-un-dictador\/","title":{"rendered":"Habl\u00f3 la moda: Carolina Herrera dijo que Maduro es un \u00abdictador\u00bb"},"content":{"rendered":"<h3 style=\"text-align: justify;\"><strong>Como Venezolana nativa que es, en la After Party de la ceremonia de los Oscars, la dise\u00f1adora se refiri\u00f3 a la\u00a0dif\u00edcil\u00a0situaci\u00f3n que vive su pa\u00eds. Los detalles.<\/strong><\/h3>\n<p style=\"text-align: justify;\">Tras tres semanas de protestas en Venezuela por parte de estudiantes y sociedad civil en general, la atenci\u00f3n mundial sigue sobre el pa\u00eds suramericano.<\/p>\n<p style=\"text-align: justify;\">Las denuncias de represiones han ocasionado que distintas celebridades contin\u00faen pronunci\u00e1ndose acerca de la situaci\u00f3n. M\u00e1s recientemente lo hizo la reconocida dise\u00f1adora venezolana\u00a0<strong>Carolina Herrera<\/strong>.<\/p>\n<p style=\"text-align: justify;\">Tras su paso por el<strong>\u00a0after party\u00a0<\/strong>de los\u00a0<strong>Oscar\u00a0<\/strong>organizado por<em>\u00a0<\/em><strong>Vanity Fair<em>,<\/em><\/strong>\u00a0<strong>Herrera<\/strong>\u00a0accedi\u00f3 a declarar ante los micr\u00f3fonos de la cadena\u00a0<strong>Univisi\u00f3n<em>\u00a0<\/em><\/strong>y dio su punto de vista acerca de lo que sucede en su pa\u00eds natal:<\/p>\n<p style=\"text-align: justify;\"><strong>\u201cQuiero decir una cosa\u201d<\/strong>, indic\u00f3, <strong>\u201cEl mundo deber\u00eda saber que Venezuela est\u00e1 en manos de un dictador comunista\u201d<\/strong>, asegur\u00f3 la due\u00f1a del imperio\u00a0<strong>CH<\/strong>\u00a0en referencia al presidente\u00a0<strong>Nicol\u00e1s Maduro<\/strong>. Adem\u00e1s enfatiz\u00f3 al finalizar su intervenci\u00f3n: <strong>\u201cno hay democracia\u201d.<\/strong><\/p>\n<p style=\"text-align: justify;\">Pero estas no fueron las \u00fanicas declaraciones acerca de Venezuela durante los premios de la Academia.<\/p>\n<p style=\"text-align: justify;\"><strong>Jared Leto<\/strong>\u00a0incluy\u00f3 al pa\u00eds dentro de sus agradecimientos:<strong> \u201cA los so\u00f1adores que est\u00e1n en Ucrania y Venezuela, quiero decirles que est\u00e1n en nuestro pensamientos\u201d.<\/strong><\/p>\n<p>\u00a0<iframe loading=\"lazy\" src=\"\/\/www.youtube.com\/embed\/rW1jwEi6X-0\" width=\"560\" height=\"315\" frameborder=\"0\" allowfullscreen=\"allowfullscreen\"><\/iframe><\/p>\n","protected":false},"excerpt":{"rendered":"<p>Como Venezolana nativa que es, en la After Party de la ceremonia de los Oscars, la dise\u00f1adora se refiri\u00f3 a la\u00a0dif\u00edcil\u00a0situaci\u00f3n que vive su pa\u00eds. Los detalles. Tras tres semanas de protestas en Venezuela por parte de estudiantes y sociedad civil en general, la atenci\u00f3n mundial sigue sobre el pa\u00eds suramericano. Las denuncias de represiones [&hellip;]<\/p>\n","protected":false},"author":8,"featured_media":13664,"comment_status":"closed","ping_status":"closed","sticky":false,"template":"","format":"standard","meta":{"_seopress_robots_primary_cat":"","_seopress_titles_title":"","_seopress_titles_desc":"","_seopress_robots_index":"","footnotes":""},"categories":[228],"tags":[27286,27285],"class_list":{"0":"post-13637","1":"post","2":"type-post","3":"status-publish","4":"format-standard","5":"has-post-thumbnail","7":"category-moda-y-estilos","8":"tag-carolina-herrera-after-party","9":"tag-carolina-herrera-nicolas-maduro"},"_links":{"self":[{"href":"https:\/\/www.cordobatimes.com\/showup\/wp-json\/wp\/v2\/posts\/13637","targetHints":{"allow":["GET"]}}],"collection":[{"href":"https:\/\/www.cordobatimes.com\/showup\/wp-json\/wp\/v2\/posts"}],"about":[{"href":"https:\/\/www.cordobatimes.com\/showup\/wp-json\/wp\/v2\/types\/post"}],"author":[{"embeddable":true,"href":"https:\/\/www.cordobatimes.com\/showup\/wp-json\/wp\/v2\/users\/8"}],"replies":[{"embeddable":true,"href":"https:\/\/www.cordobatimes.com\/showup\/wp-json\/wp\/v2\/comments?post=13637"}],"version-history":[{"count":0,"href":"https:\/\/www.cordobatimes.com\/showup\/wp-json\/wp\/v2\/posts\/13637\/revisions"}],"wp:featuredmedia":[{"embeddable":true,"href":"https:\/\/www.cordobatimes.com\/showup\/wp-json\/wp\/v2\/media\/13664"}],"wp:attachment":[{"href":"https:\/\/www.cordobatimes.com\/showup\/wp-json\/wp\/v2\/media?parent=13637"}],"wp:term":[{"taxonomy":"category","embeddable":true,"href":"https:\/\/www.cordobatimes.com\/showup\/wp-json\/wp\/v2\/categories?post=13637"},{"taxonomy":"post_tag","embeddable":true,"href":"https:\/\/www.cordobatimes.com\/showup\/wp-json\/wp\/v2\/tags?post=13637"}],"curies":[{"name":"wp","href":"https:\/\/api.w.org\/{rel}","templated":true}]}}