{"id":13625,"date":"2014-03-05T13:34:29","date_gmt":"2014-03-05T16:34:29","guid":{"rendered":"http:\/\/cordobatimes.com\/showup\/?p=13625"},"modified":"2019-12-19T19:20:35","modified_gmt":"2019-12-19T22:20:35","slug":"julieta-venegas-perdio-la-tenencia-total-de-su-hija","status":"publish","type":"post","link":"https:\/\/www.cordobatimes.com\/showup\/famosos\/2014\/03\/05\/julieta-venegas-perdio-la-tenencia-total-de-su-hija\/","title":{"rendered":"Julieta Venegas perdi\u00f3 la tenencia total de su hija"},"content":{"rendered":"<h3 style=\"text-align: justify;\"><strong>La cantante mexicana no gan\u00f3 \u00a0el caso que la enfrentaba a su ex pareja, el argentino Rodrigo Garc\u00eda Prieto, quien la hab\u00eda demandado para lograr la custodia compartida de Simona, la hija de ambos.<\/strong><\/h3>\n<p style=\"text-align: justify;\">Seg\u00fan inform\u00f3 ABC, los jueces han determinado que el padre tiene derecho a pasar tiempo con la ni\u00f1a y que se deben cambiar los apellidos de la peque\u00f1a, que naci\u00f3 en 2010.<\/p>\n<p style=\"text-align: justify;\">La peor parte fue que el tribunal le recomend\u00f3 a Venegas que acuda a una terapia psicol\u00f3gica para \u00absolucionar sus problemas emocionales\u00bb.<\/p>\n<p style=\"text-align: justify;\">Rodrigo Garc\u00eda Prieto present\u00f3 una demanda contra Venegas en la que aseguraba ser el padre de Simona, a quien acusaba no solo de impedirle verla, sino tambi\u00e9n de que la hab\u00eda registrado con otros apellidos. El cantante hizo p\u00fablico que llevaba dos a\u00f1os sin poder ver a su hija a trav\u00e9s de las redes sociales.<\/p>\n<p style=\"text-align: justify;\">La pareja se conoci\u00f3 en Argentina en 2009 pero rompi\u00f3 a los pocos meses. En el momento en que naci\u00f3 Simona, \u00a0la cantante decidi\u00f3 inscribirla con sus apellidos. Venegas nunca hab\u00eda querido revelar el nombre del padre de su hija. Ahora, la justicia le dio la raz\u00f3n a Garc\u00eda Prieto.<\/p>\n<blockquote class=\"twitter-tweet\" data-lang=\"es\">\n<p dir=\"ltr\" lang=\"es\">Pronto juntos, nunca tendr\u00edas que haber pasado est\u00e1 miseria, lo lamento mucho. <a href=\"http:\/\/t.co\/JelvI9io7q\">pic.twitter.com\/JelvI9io7q<\/a><\/p>\n<p>\u2014 RODRIGO (@Ro_papadeSimona) <a href=\"https:\/\/twitter.com\/Ro_papadeSimona\/status\/435485132334436353?ref_src=twsrc%5Etfw\">17 de febrero de 2014<\/a><\/p><\/blockquote>\n<p><script async src=\"https:\/\/platform.twitter.com\/widgets.js\" charset=\"utf-8\"><\/script><\/p>\n","protected":false},"excerpt":{"rendered":"<p>La cantante mexicana no gan\u00f3 \u00a0el caso que la enfrentaba a su ex pareja, el argentino Rodrigo Garc\u00eda Prieto, quien la hab\u00eda demandado para lograr la custodia compartida de Simona, la hija de ambos. Seg\u00fan inform\u00f3 ABC, los jueces han determinado que el padre tiene derecho a pasar tiempo con la ni\u00f1a y que se [&hellip;]<\/p>\n","protected":false},"author":9,"featured_media":13678,"comment_status":"closed","ping_status":"closed","sticky":false,"template":"","format":"standard","meta":{"_seopress_robots_primary_cat":"","_seopress_titles_title":"","_seopress_titles_desc":"","_seopress_robots_index":"","footnotes":""},"categories":[4],"tags":[27282,27284,27281,27283],"class_list":{"0":"post-13625","1":"post","2":"type-post","3":"status-publish","4":"format-standard","5":"has-post-thumbnail","7":"category-famosos","8":"tag-hija-de-julieta-venegas","9":"tag-julieta-venegas-custodia-compartida-de-simona","10":"tag-julieta-venegas-custodia-de-su-hija","11":"tag-julieta-venegas-rodrigo-garcia-prieto"},"_links":{"self":[{"href":"https:\/\/www.cordobatimes.com\/showup\/wp-json\/wp\/v2\/posts\/13625","targetHints":{"allow":["GET"]}}],"collection":[{"href":"https:\/\/www.cordobatimes.com\/showup\/wp-json\/wp\/v2\/posts"}],"about":[{"href":"https:\/\/www.cordobatimes.com\/showup\/wp-json\/wp\/v2\/types\/post"}],"author":[{"embeddable":true,"href":"https:\/\/www.cordobatimes.com\/showup\/wp-json\/wp\/v2\/users\/9"}],"replies":[{"embeddable":true,"href":"https:\/\/www.cordobatimes.com\/showup\/wp-json\/wp\/v2\/comments?post=13625"}],"version-history":[{"count":0,"href":"https:\/\/www.cordobatimes.com\/showup\/wp-json\/wp\/v2\/posts\/13625\/revisions"}],"wp:featuredmedia":[{"embeddable":true,"href":"https:\/\/www.cordobatimes.com\/showup\/wp-json\/wp\/v2\/media\/13678"}],"wp:attachment":[{"href":"https:\/\/www.cordobatimes.com\/showup\/wp-json\/wp\/v2\/media?parent=13625"}],"wp:term":[{"taxonomy":"category","embeddable":true,"href":"https:\/\/www.cordobatimes.com\/showup\/wp-json\/wp\/v2\/categories?post=13625"},{"taxonomy":"post_tag","embeddable":true,"href":"https:\/\/www.cordobatimes.com\/showup\/wp-json\/wp\/v2\/tags?post=13625"}],"curies":[{"name":"wp","href":"https:\/\/api.w.org\/{rel}","templated":true}]}}