{"id":13621,"date":"2014-03-05T14:57:37","date_gmt":"2014-03-05T17:57:37","guid":{"rendered":"http:\/\/cordobatimes.com\/showup\/?p=13621"},"modified":"2019-12-19T09:36:15","modified_gmt":"2019-12-19T12:36:15","slug":"romeo-santos-recibe-el-doble-disco-de-oro-por-formula-vol-1-video","status":"publish","type":"post","link":"https:\/\/www.cordobatimes.com\/showup\/musica\/2014\/03\/05\/romeo-santos-recibe-el-doble-disco-de-oro-por-formula-vol-1-video\/","title":{"rendered":"Romeo Santos recibe el doble disco de oro por F\u00f3rmula Vol. 1 (Video)"},"content":{"rendered":"<h3 style=\"text-align: justify;\"><strong>El rey de la bachata recibi\u00f3 el gran galard\u00f3n por su disco anterior y por \u00a0\u00abRomeo Santos The King Stays King\u00bb, gracias a las m\u00e1s de 30 mil copias vendidas.<\/strong><\/h3>\n<p style=\"text-align: justify;\">Santos est\u00e1 en M\u00e9xico para promocionar su m\u00e1s reciente \u00e1lbum \u00abF\u00f3rmula Vol. 2\u00bb, en el que colaboran \u00a0Carlos Santana, Marc Anthony, Nicki Minaj, Tego Calder\u00f3n y Dreke, entre otros famosos y fue en ese pa\u00eds donde fue agasajado con este gran reconocimiento.<\/p>\n<p style=\"text-align: justify;\">\u00abM\u00e1s que una continuaci\u00f3n de mi disco anterior, esta nueva producci\u00f3n es una evoluci\u00f3n en la que colaboraron muchos artistas. Es un disco muy vers\u00e1til y espero que el p\u00fablico lo disfrute tanto como yo\u00bb, declar\u00f3 el m\u00fasico.<\/p>\n<p style=\"text-align: justify;\">El artista que ha logrado llegar con su m\u00fasica a millones de fan\u00e1ticos no ha confirmado su show en nuestra ciudad. Seg\u00fan hab\u00eda declarado Jos\u00e9 Palazzo, las cordobesas nos quedaremos sin ver al Rey de la Bachata\u00a0por lo menos este a\u00f1o.<\/p>\n<p style=\"text-align: justify;\">No te pierdas el video de la emocionante entrega.<\/p>\n<p>\u00a0<iframe loading=\"lazy\" src=\"\/\/www.youtube.com\/embed\/qyEva7yCKBM\" width=\"560\" height=\"315\" frameborder=\"0\" allowfullscreen=\"allowfullscreen\"><\/iframe><\/p>\n","protected":false},"excerpt":{"rendered":"<p>El rey de la bachata recibi\u00f3 el gran galard\u00f3n por su disco anterior y por \u00a0\u00abRomeo Santos The King Stays King\u00bb, gracias a las m\u00e1s de 30 mil copias vendidas. Santos est\u00e1 en M\u00e9xico para promocionar su m\u00e1s reciente \u00e1lbum \u00abF\u00f3rmula Vol. 2\u00bb, en el que colaboran \u00a0Carlos Santana, Marc Anthony, Nicki Minaj, Tego Calder\u00f3n [&hellip;]<\/p>\n","protected":false},"author":9,"featured_media":13706,"comment_status":"closed","ping_status":"closed","sticky":false,"template":"","format":"standard","meta":{"_seopress_robots_primary_cat":"","_seopress_titles_title":"","_seopress_titles_desc":"","_seopress_robots_index":"","footnotes":""},"categories":[5],"tags":[27273,27272,27274],"class_list":{"0":"post-13621","1":"post","2":"type-post","3":"status-publish","4":"format-standard","5":"has-post-thumbnail","7":"category-musica","8":"tag-romeo-santos-disco-de-oro","9":"tag-romeo-santos-doble-disco-de-oro-por-formula-vol-1","10":"tag-romeo-santos-formula-vol-1"},"_links":{"self":[{"href":"https:\/\/www.cordobatimes.com\/showup\/wp-json\/wp\/v2\/posts\/13621","targetHints":{"allow":["GET"]}}],"collection":[{"href":"https:\/\/www.cordobatimes.com\/showup\/wp-json\/wp\/v2\/posts"}],"about":[{"href":"https:\/\/www.cordobatimes.com\/showup\/wp-json\/wp\/v2\/types\/post"}],"author":[{"embeddable":true,"href":"https:\/\/www.cordobatimes.com\/showup\/wp-json\/wp\/v2\/users\/9"}],"replies":[{"embeddable":true,"href":"https:\/\/www.cordobatimes.com\/showup\/wp-json\/wp\/v2\/comments?post=13621"}],"version-history":[{"count":0,"href":"https:\/\/www.cordobatimes.com\/showup\/wp-json\/wp\/v2\/posts\/13621\/revisions"}],"wp:featuredmedia":[{"embeddable":true,"href":"https:\/\/www.cordobatimes.com\/showup\/wp-json\/wp\/v2\/media\/13706"}],"wp:attachment":[{"href":"https:\/\/www.cordobatimes.com\/showup\/wp-json\/wp\/v2\/media?parent=13621"}],"wp:term":[{"taxonomy":"category","embeddable":true,"href":"https:\/\/www.cordobatimes.com\/showup\/wp-json\/wp\/v2\/categories?post=13621"},{"taxonomy":"post_tag","embeddable":true,"href":"https:\/\/www.cordobatimes.com\/showup\/wp-json\/wp\/v2\/tags?post=13621"}],"curies":[{"name":"wp","href":"https:\/\/api.w.org\/{rel}","templated":true}]}}