{"id":13615,"date":"2014-03-05T14:19:31","date_gmt":"2014-03-05T17:19:31","guid":{"rendered":"http:\/\/cordobatimes.com\/showup\/?p=13615"},"modified":"2019-12-19T09:51:40","modified_gmt":"2019-12-19T12:51:40","slug":"carlos-vives-estreno-nuevo-sencillo-el-mar-de-sus-ojos-video","status":"publish","type":"post","link":"https:\/\/www.cordobatimes.com\/showup\/musica\/2014\/03\/05\/carlos-vives-estreno-nuevo-sencillo-el-mar-de-sus-ojos-video\/","title":{"rendered":"Carlos Vives debut\u00f3 con \u00abEl mar de sus ojos\u00bb (Video)"},"content":{"rendered":"<h3 style=\"text-align: justify;\"><strong>El cantante present\u00f3 su ultima producci\u00f3n que cuenta con la colaboraci\u00f3n con el grupo afrocolombiano ChocQuibTown.<\/strong><\/h3>\n<p style=\"text-align: justify;\">La canci\u00f3n es el primer sencillo de \u00abM\u00e1s + Coraz\u00f3n profundo\u00bb, segunda parte de Coraz\u00f3n profundo, el exitoso \u00e1lbum que lo vio regresar a la escena musical tras ocho a\u00f1os de ausencia.<\/p>\n<p style=\"text-align: justify;\">Vives tiene m\u00e1s que claro por qu\u00e9 eligi\u00f3 a ChocQuibTown para esta canci\u00f3n: \u00abTen\u00eda que buscar una pareja perfecta para interpretar la naturaleza de esta canci\u00f3n. Es ah\u00ed cuando pensamos en ChocQuibTown. Ellos han revolucionado la m\u00fasica de Colombia en los \u00faltimos a\u00f1os. Han unido el sonido del Pac\u00edfico a toda la m\u00fasica del mundo, y esta canci\u00f3n tiene eso\u00bb, afirma Vives, quien escribi\u00f3 la canci\u00f3n junto a Hugo Huertas hace unos siete a\u00f1os, cuando empez\u00f3 a experimentar con sonidos \u00abtropi-pop\u00bb y de hip hop.<\/p>\n<p style=\"text-align: justify;\">\u00abJunto con mis ra\u00edces caribe\u00f1as montamos \u00abEl mar de sus ojos\u00bb, una canci\u00f3n con un mensaje a la juventud, con ritmos sensuales que le gustan a todos. Aprovechamos para mostrar un mensaje de respeto hacia la mujer y el valor de la pareja. Estamos muy contentos; [la canci\u00f3n] es muy pegajosa, muy juvenil\u00bb, dice Vives.<\/p>\n<p><iframe loading=\"lazy\" src=\"\/\/www.youtube.com\/embed\/o9prrGxtK-M\" width=\"560\" height=\"315\" frameborder=\"0\" allowfullscreen=\"allowfullscreen\"><\/iframe><\/p>\n","protected":false},"excerpt":{"rendered":"<p>El cantante present\u00f3 su ultima producci\u00f3n que cuenta con la colaboraci\u00f3n con el grupo afrocolombiano ChocQuibTown. La canci\u00f3n es el primer sencillo de \u00abM\u00e1s + Coraz\u00f3n profundo\u00bb, segunda parte de Coraz\u00f3n profundo, el exitoso \u00e1lbum que lo vio regresar a la escena musical tras ocho a\u00f1os de ausencia. Vives tiene m\u00e1s que claro por qu\u00e9 [&hellip;]<\/p>\n","protected":false},"author":9,"featured_media":13692,"comment_status":"closed","ping_status":"closed","sticky":false,"template":"","format":"standard","meta":{"_seopress_robots_primary_cat":"","_seopress_titles_title":"","_seopress_titles_desc":"","_seopress_robots_index":"","footnotes":""},"categories":[5],"tags":[27276],"class_list":{"0":"post-13615","1":"post","2":"type-post","3":"status-publish","4":"format-standard","5":"has-post-thumbnail","7":"category-musica","8":"tag-carlos-vives-el-mar-de-sus-ojos"},"_links":{"self":[{"href":"https:\/\/www.cordobatimes.com\/showup\/wp-json\/wp\/v2\/posts\/13615","targetHints":{"allow":["GET"]}}],"collection":[{"href":"https:\/\/www.cordobatimes.com\/showup\/wp-json\/wp\/v2\/posts"}],"about":[{"href":"https:\/\/www.cordobatimes.com\/showup\/wp-json\/wp\/v2\/types\/post"}],"author":[{"embeddable":true,"href":"https:\/\/www.cordobatimes.com\/showup\/wp-json\/wp\/v2\/users\/9"}],"replies":[{"embeddable":true,"href":"https:\/\/www.cordobatimes.com\/showup\/wp-json\/wp\/v2\/comments?post=13615"}],"version-history":[{"count":0,"href":"https:\/\/www.cordobatimes.com\/showup\/wp-json\/wp\/v2\/posts\/13615\/revisions"}],"wp:featuredmedia":[{"embeddable":true,"href":"https:\/\/www.cordobatimes.com\/showup\/wp-json\/wp\/v2\/media\/13692"}],"wp:attachment":[{"href":"https:\/\/www.cordobatimes.com\/showup\/wp-json\/wp\/v2\/media?parent=13615"}],"wp:term":[{"taxonomy":"category","embeddable":true,"href":"https:\/\/www.cordobatimes.com\/showup\/wp-json\/wp\/v2\/categories?post=13615"},{"taxonomy":"post_tag","embeddable":true,"href":"https:\/\/www.cordobatimes.com\/showup\/wp-json\/wp\/v2\/tags?post=13615"}],"curies":[{"name":"wp","href":"https:\/\/api.w.org\/{rel}","templated":true}]}}