{"id":13598,"date":"2014-03-04T16:59:00","date_gmt":"2014-03-04T19:59:00","guid":{"rendered":"http:\/\/cordobatimes.com\/showup\/?p=13598"},"modified":"2023-12-25T13:15:33","modified_gmt":"2023-12-25T16:15:33","slug":"lali-esposito-debuta-como-cantante-solista","status":"publish","type":"post","link":"https:\/\/www.cordobatimes.com\/showup\/musica\/2014\/03\/04\/lali-esposito-debuta-como-cantante-solista\/","title":{"rendered":"Lali Esp\u00f3sito debuta como cantante solista"},"content":{"rendered":"<h3 style=\"text-align: justify;\"><strong>La ex Teen Angels \u00a0revel\u00f3 que est\u00e1 dispuesta a dejar por un tiempo de lado la actuaci\u00f3n y poner todas sus energ\u00edas en otro gran sue\u00f1o.<\/strong><\/h3>\n<p style=\"text-align: justify;\">El 21 de marzo, Lali lanzar\u00e1 su primer disco como solista y para respaldar este trabajo, decidi\u00f3 no aceptar ninguna propuesta de actuaci\u00f3n \u00a0para esta primera mitad del a\u00f1o.Tal como le confi\u00f3 a Luz, \u00abEste es un momento musical y lo quiero vivir s\u00faper enfocada\u00bb.<\/p>\n<p style=\"text-align: justify;\">Despu\u00e9s de un a\u00f1o de mucho trabajo con \u00abSolamente Vos\u00bb y la preparaci\u00f3n de su disco, Lali quiere concentrarse en un s\u00f3lo rubro para dar lo mejor de ella.<\/p>\n<p style=\"text-align: justify;\">\u00abDecid\u00ed no actuar durante esta primera mitad de a\u00f1o aunque ten\u00eda varias propuestas, una de ellas incluso era para cine, pero termin\u00e9 diciendo que no\u00bb.<\/p>\n<p style=\"text-align: justify;\"><a href=\"http:\/\/cordobatimes.com\/showup\/wp-content\/uploads\/2014\/03\/LALIIIII.png\"><img loading=\"lazy\" decoding=\"async\" class=\"alignnone wp-image-13605\" src=\"http:\/\/cordobatimes.com\/showup\/wp-content\/uploads\/2014\/03\/LALIIIII.png\" alt=\"LALIIIII\" width=\"600\" height=\"582\" data-id=\"13605\" \/><\/a><\/p>\n<p>&nbsp;<\/p>\n<p><iframe loading=\"lazy\" src=\"https:\/\/www.youtube.com\/embed\/3BrKGkkmvJo\" width=\"560\" height=\"315\" frameborder=\"0\" allowfullscreen=\"allowfullscreen\"><\/iframe><\/p>\n","protected":false},"excerpt":{"rendered":"<p>La ex Teen Angels \u00a0revel\u00f3 que est\u00e1 dispuesta a dejar por un tiempo de lado la actuaci\u00f3n y poner todas sus energ\u00edas en otro gran sue\u00f1o. El 21 de marzo, Lali lanzar\u00e1 su primer disco como solista y para respaldar este trabajo, decidi\u00f3 no aceptar ninguna propuesta de actuaci\u00f3n \u00a0para esta primera mitad del a\u00f1o.Tal [&hellip;]<\/p>\n","protected":false},"author":9,"featured_media":13599,"comment_status":"closed","ping_status":"closed","sticky":false,"template":"","format":"standard","meta":{"_seopress_robots_primary_cat":"","_seopress_titles_title":"","_seopress_titles_desc":"","_seopress_robots_index":"","footnotes":""},"categories":[5],"tags":[38741,38744,38742,27297,38743],"class_list":{"0":"post-13598","1":"post","2":"type-post","3":"status-publish","4":"format-standard","5":"has-post-thumbnail","7":"category-musica","8":"tag-debut-lali-solista","9":"tag-fecha-del-primer-disco-de-lali","10":"tag-fecha-en-la-que-lali-se-lanzo-como-cantante","11":"tag-lali-esposito-cantante-solista","12":"tag-lali-primer-disco"},"_links":{"self":[{"href":"https:\/\/www.cordobatimes.com\/showup\/wp-json\/wp\/v2\/posts\/13598","targetHints":{"allow":["GET"]}}],"collection":[{"href":"https:\/\/www.cordobatimes.com\/showup\/wp-json\/wp\/v2\/posts"}],"about":[{"href":"https:\/\/www.cordobatimes.com\/showup\/wp-json\/wp\/v2\/types\/post"}],"author":[{"embeddable":true,"href":"https:\/\/www.cordobatimes.com\/showup\/wp-json\/wp\/v2\/users\/9"}],"replies":[{"embeddable":true,"href":"https:\/\/www.cordobatimes.com\/showup\/wp-json\/wp\/v2\/comments?post=13598"}],"version-history":[{"count":0,"href":"https:\/\/www.cordobatimes.com\/showup\/wp-json\/wp\/v2\/posts\/13598\/revisions"}],"wp:featuredmedia":[{"embeddable":true,"href":"https:\/\/www.cordobatimes.com\/showup\/wp-json\/wp\/v2\/media\/13599"}],"wp:attachment":[{"href":"https:\/\/www.cordobatimes.com\/showup\/wp-json\/wp\/v2\/media?parent=13598"}],"wp:term":[{"taxonomy":"category","embeddable":true,"href":"https:\/\/www.cordobatimes.com\/showup\/wp-json\/wp\/v2\/categories?post=13598"},{"taxonomy":"post_tag","embeddable":true,"href":"https:\/\/www.cordobatimes.com\/showup\/wp-json\/wp\/v2\/tags?post=13598"}],"curies":[{"name":"wp","href":"https:\/\/api.w.org\/{rel}","templated":true}]}}