{"id":13506,"date":"2014-03-03T17:25:11","date_gmt":"2014-03-03T20:25:11","guid":{"rendered":"http:\/\/cordobatimes.com\/showup\/?p=13506"},"modified":"2019-12-20T07:17:03","modified_gmt":"2019-12-20T10:17:03","slug":"acne-una-enfermedad-que-afecta-a-muchos","status":"publish","type":"post","link":"https:\/\/www.cordobatimes.com\/showup\/curiosidades\/2014\/03\/03\/acne-una-enfermedad-que-afecta-a-muchos\/","title":{"rendered":"Acn\u00e9: una enfermedad que afecta a muchos"},"content":{"rendered":"<h3 style=\"text-align: justify;\"><strong>Se suele decir que el \u00abacn\u00e9\u00bb es algo normal en la edad de la adolescencia, pero en realidad es una enfermedad que afecta a muchos y que como tal debe ser tratada.<\/strong><\/h3>\n<p style=\"text-align: justify;\">Cu\u00e1ntas veces se habr\u00e1 preguntado por qu\u00e9 usted tiene acn\u00e9 y su vecino no. Un nuevo estudio publicado en la revista de dermatolog\u00eda de mayor impacto,\u00bbJournal of Investigative Dermatology\u00bb\u00a0, por fin tiene una respuesta. Se\u00f1ala una clara culpable: la bacteria del acn\u00e9, que no tiene el mismo comportamiento en todos los tipos de piel.<\/p>\n<p style=\"text-align: justify;\">Es importante saber que el \u00abacn\u00e9\u00bb es una enfermedad, y que salvo en algunos casos muy leves debe ser tratada por un especialista.<\/p>\n<p style=\"text-align: justify;\">Seg\u00fan\u00a0la Universidad de California en Los \u00c1ngeles (UCLA), el 85 por ciento de j\u00f3venes entre 11 a 25 a\u00f1os padece de estas marcas desagradables en su piel.<\/p>\n<p style=\"text-align: justify;\">El\u00a0<b>acn\u00e9<\/b>, tambi\u00e9n conocido como\u00a0<b>acn\u00e9 com\u00fan<\/b>\u00a0o\u00a0<b>acn\u00e9 vulgar<\/b>\u00a0, es una enfermedad cr\u00f3nica inflamatoria\u00a0de la piel\u00a0que involucra las unidades piloseb\u00e1ceas, caracterizada por la formaci\u00f3n de comedones pap\u00falas, p\u00fastulas, n\u00f3dulos\u00a0y cicatrices, que aparecen principalmente en la cara y parte superior del tronco.<\/p>\n<p style=\"text-align: justify;\">Es importante comprender que el origen del acn\u00e9 puede provenir de la gen\u00e9tica de cada persona, si los padres de un joven han tenido acn\u00e9 es muy probable que ese adolescente tambi\u00e9n padezca esta enfermedad.<\/p>\n<p style=\"text-align: justify;\">En el mercado hay muchos productos que proponen soluciones m\u00e1gicas: lociones, maquillajes con anti- actil , jabones que resecan la piel. Lo importante es saber que estas no son verdaderas soluciones al problema; muchos adolescentes esperanzados en las promesas de estos productos gastan mucho dinero en comprarlos sin obtener el resultado deseado. Cada caso de acn\u00e9 es especial, no todas las pieles son iguales y estos productos \u00abgeneralistas y de venta libre\u00bb pueden ser efectivos en algunos casos y en otros no. Es por eso que se recomienda recurrir a un especialista que aconseje un tratamiento que sea adecuado para cada caso en particular.<\/p>\n<p style=\"text-align: justify;\">Existen varios mitos sobre los granitos: comer chocolate, la alimentaci\u00f3n, y que si nos lavamos varias veces la cara para sacarnos la grasitud \u00a0de la piel es mejor.<\/p>\n<p style=\"text-align: justify;\">En cuanto al chocolate podemos decir que hay personas a las que les produce acn\u00e9 \u00a0y a otras que no. La alimentaci\u00f3n saludable, siempre va a contibuir a que nuestra piel se vea m\u00e1s linda y joven, pero no garantiza que no tengamos acn\u00e9. Hay personas que comen chocolate y no le salen estas marcas. Por otro lado, lavarse excesivamente la cara saca la grasitud natural que produce nuestro organismo. Si nos lavamos la cara muchas veces al d\u00eda en vez de eliminar la grasa, nuestro cuerpo producir\u00e1 un \u00abefecto rebote\u00bb, empeorando m\u00e1s la situaci\u00f3n.<\/p>\n<p style=\"text-align: justify;\">Una recomendaci\u00f3n es no reventar los granitos, si bien esto no es contagioso, \u00a0la zona en donde se encontraba el grano se va a inflamar m\u00e1s y se puede contaminar con bacterias de ambiente y de las manos.<\/p>\n<p style=\"text-align: justify;\">Una vez que el joven se haya puesto en manos de un dermat\u00f3logo y cosmeatra, dejando atr\u00e1s esta enfermedad (es importante saber que la sanaci\u00f3n no es en un tiempo breve), \u00a0hay muchos tratamientos que ayudan a mejorar la piel: pellings, tratamientos de punta de diamante, etc.<\/p>\n","protected":false},"excerpt":{"rendered":"<p>Se suele decir que el \u00abacn\u00e9\u00bb es algo normal en la edad de la adolescencia, pero en realidad es una enfermedad que afecta a muchos y que como tal debe ser tratada. Cu\u00e1ntas veces se habr\u00e1 preguntado por qu\u00e9 usted tiene acn\u00e9 y su vecino no. Un nuevo estudio publicado en la revista de dermatolog\u00eda [&hellip;]<\/p>\n","protected":false},"author":1,"featured_media":13513,"comment_status":"closed","ping_status":"closed","sticky":false,"template":"","format":"standard","meta":{"_seopress_robots_primary_cat":"","_seopress_titles_title":"","_seopress_titles_desc":"","_seopress_robots_index":"","footnotes":""},"categories":[8],"tags":[27311,27310,27313,27312],"class_list":{"0":"post-13506","1":"post","2":"type-post","3":"status-publish","4":"format-standard","5":"has-post-thumbnail","7":"category-curiosidades","8":"tag-acne-comun-o-acne-vulgar","9":"tag-bacteria-del-acne-no-tiene-el-mismo-comportamiento-en-todos-los-tipos-de-piel","10":"tag-causas-del-acne","11":"tag-origen-del-acne"},"_links":{"self":[{"href":"https:\/\/www.cordobatimes.com\/showup\/wp-json\/wp\/v2\/posts\/13506","targetHints":{"allow":["GET"]}}],"collection":[{"href":"https:\/\/www.cordobatimes.com\/showup\/wp-json\/wp\/v2\/posts"}],"about":[{"href":"https:\/\/www.cordobatimes.com\/showup\/wp-json\/wp\/v2\/types\/post"}],"author":[{"embeddable":true,"href":"https:\/\/www.cordobatimes.com\/showup\/wp-json\/wp\/v2\/users\/1"}],"replies":[{"embeddable":true,"href":"https:\/\/www.cordobatimes.com\/showup\/wp-json\/wp\/v2\/comments?post=13506"}],"version-history":[{"count":0,"href":"https:\/\/www.cordobatimes.com\/showup\/wp-json\/wp\/v2\/posts\/13506\/revisions"}],"wp:featuredmedia":[{"embeddable":true,"href":"https:\/\/www.cordobatimes.com\/showup\/wp-json\/wp\/v2\/media\/13513"}],"wp:attachment":[{"href":"https:\/\/www.cordobatimes.com\/showup\/wp-json\/wp\/v2\/media?parent=13506"}],"wp:term":[{"taxonomy":"category","embeddable":true,"href":"https:\/\/www.cordobatimes.com\/showup\/wp-json\/wp\/v2\/categories?post=13506"},{"taxonomy":"post_tag","embeddable":true,"href":"https:\/\/www.cordobatimes.com\/showup\/wp-json\/wp\/v2\/tags?post=13506"}],"curies":[{"name":"wp","href":"https:\/\/api.w.org\/{rel}","templated":true}]}}