{"id":13257,"date":"2014-03-02T13:15:50","date_gmt":"2014-03-02T16:15:50","guid":{"rendered":"http:\/\/cordobatimes.com\/showup\/?p=13257"},"modified":"2019-12-20T18:44:47","modified_gmt":"2019-12-20T21:44:47","slug":"luego-de-haber-sufrido-un-acv-titi-fernandez-se-recupera","status":"publish","type":"post","link":"https:\/\/www.cordobatimes.com\/showup\/famosos\/2014\/03\/02\/luego-de-haber-sufrido-un-acv-titi-fernandez-se-recupera\/","title":{"rendered":"Luego de haber sufrido un ACV, Tit\u00ed Fern\u00e1ndez se recupera"},"content":{"rendered":"<h3 style=\"text-align: justify;\"><strong>El conductor padeci\u00f3 un accidente cerebro vascular el mi\u00e9rcoles cuando sali\u00f3 de grabar el programa 90 Minutos en Fox Sports.<\/strong><\/h3>\n<p style=\"text-align: justify;\">Aunque el ACV fue leve, le ocurri\u00f3 mientas manejaba de regreso a su casa, y se le nubl\u00f3 la vista, por lo que choc\u00f3 su veh\u00edculo. Por suerte, no pas\u00f3 a mayores, y fue r\u00e1pidamente asistido.<\/p>\n<p style=\"text-align: justify;\">Fern\u00e1ndez contin\u00faa internado en el Sanatorio Mitre, en compa\u00f1\u00eda de sus seres queridos, desde donde utiliza Twitter para llevar tranquilidad a sus seguidores.<\/p>\n<p style=\"text-align: justify;\">\u201cMuchas gracias a todos los que se preocuparon por mi salud. Estoy mucho mejor, el ACV no dej\u00f3 ninguna consecuencia y me recupero muy bien\u201d, escribi\u00f3.<\/p>\n<p style=\"text-align: justify;\">De acuerdo a los m\u00e9dicos, el ganador de \u201cCantando por un sue\u00f1o\u201d en el 2007 podr\u00eda recibir el alta en las pr\u00f3ximas horas, aunque deber\u00e1 hacer reposo por lo menos durante 10 d\u00edas.<\/p>\n","protected":false},"excerpt":{"rendered":"<p>El conductor padeci\u00f3 un accidente cerebro vascular el mi\u00e9rcoles cuando sali\u00f3 de grabar el programa 90 Minutos en Fox Sports. Aunque el ACV fue leve, le ocurri\u00f3 mientas manejaba de regreso a su casa, y se le nubl\u00f3 la vista, por lo que choc\u00f3 su veh\u00edculo. Por suerte, no pas\u00f3 a mayores, y fue r\u00e1pidamente [&hellip;]<\/p>\n","protected":false},"author":9,"featured_media":13297,"comment_status":"closed","ping_status":"closed","sticky":false,"template":"","format":"standard","meta":{"_seopress_robots_primary_cat":"","_seopress_titles_title":"","_seopress_titles_desc":"","_seopress_robots_index":"","footnotes":""},"categories":[4],"tags":[27351,4259],"class_list":{"0":"post-13257","1":"post","2":"type-post","3":"status-publish","4":"format-standard","5":"has-post-thumbnail","7":"category-famosos","8":"tag-accidente-cerebro-vascular-de-titi-fernandez","9":"tag-accidente-de-titi-fernandez"},"_links":{"self":[{"href":"https:\/\/www.cordobatimes.com\/showup\/wp-json\/wp\/v2\/posts\/13257","targetHints":{"allow":["GET"]}}],"collection":[{"href":"https:\/\/www.cordobatimes.com\/showup\/wp-json\/wp\/v2\/posts"}],"about":[{"href":"https:\/\/www.cordobatimes.com\/showup\/wp-json\/wp\/v2\/types\/post"}],"author":[{"embeddable":true,"href":"https:\/\/www.cordobatimes.com\/showup\/wp-json\/wp\/v2\/users\/9"}],"replies":[{"embeddable":true,"href":"https:\/\/www.cordobatimes.com\/showup\/wp-json\/wp\/v2\/comments?post=13257"}],"version-history":[{"count":0,"href":"https:\/\/www.cordobatimes.com\/showup\/wp-json\/wp\/v2\/posts\/13257\/revisions"}],"wp:featuredmedia":[{"embeddable":true,"href":"https:\/\/www.cordobatimes.com\/showup\/wp-json\/wp\/v2\/media\/13297"}],"wp:attachment":[{"href":"https:\/\/www.cordobatimes.com\/showup\/wp-json\/wp\/v2\/media?parent=13257"}],"wp:term":[{"taxonomy":"category","embeddable":true,"href":"https:\/\/www.cordobatimes.com\/showup\/wp-json\/wp\/v2\/categories?post=13257"},{"taxonomy":"post_tag","embeddable":true,"href":"https:\/\/www.cordobatimes.com\/showup\/wp-json\/wp\/v2\/tags?post=13257"}],"curies":[{"name":"wp","href":"https:\/\/api.w.org\/{rel}","templated":true}]}}