{"id":13249,"date":"2014-03-02T02:43:37","date_gmt":"2014-03-02T05:43:37","guid":{"rendered":"http:\/\/cordobatimes.com\/showup\/?p=13249"},"modified":"2019-12-20T18:57:13","modified_gmt":"2019-12-20T21:57:13","slug":"fue-multitudinaria-la-despedida-a-paco-de-lucia-video","status":"publish","type":"post","link":"https:\/\/www.cordobatimes.com\/showup\/famosos\/2014\/03\/02\/fue-multitudinaria-la-despedida-a-paco-de-lucia-video\/","title":{"rendered":"Fue multitudinaria la despedida a Paco de Luc\u00eda (Video)"},"content":{"rendered":"<h3 style=\"text-align: justify;\"><strong>Cientos de vecinos de Algeciras (C\u00e1diz) se acercaron desde la madrugada del s\u00e1bado para despedir al guitarrista. La ceremonia se llev\u00f3 a cabo en la Municipalidad de la ciudad.<\/strong><\/h3>\n<p style=\"text-align: justify;\">Tras haberle recordado y despedido el viernes en Madrid, la comitiva f\u00fanebre lleg\u00f3 cerca de la 1 de la madrugada a Algeciras, donde fue recibido por un centenar de vecinos entre aplausos, jaleos y gritos de \u00abPaco eres el m\u00e1s grande\u00bb.<\/p>\n<p style=\"text-align: justify;\"><a href=\"http:\/\/cordobatimes.com\/showup\/wp-content\/uploads\/2014\/03\/paco5.jpg\"><img loading=\"lazy\" decoding=\"async\" class=\"alignnone wp-image-13250\" src=\"http:\/\/cordobatimes.com\/showup\/wp-content\/uploads\/2014\/03\/paco5.jpg\" alt=\"paco5\" width=\"600\" height=\"400\" data-id=\"13250\" \/><\/a><\/p>\n<p style=\"text-align: justify;\">Uno de ellos ha querido honrar el recuerdo del artista dejando en la puerta del Ayuntamiento un frase de Keith Richards, guitarrista de The Rolling Stones: \u00abs\u00f3lo hay dos o tres guitarras que se puedan considerar leyenda y por encima de todas ellas est\u00e1 Paco de Luc\u00eda\u00bb.<\/p>\n<p style=\"text-align: justify;\">El m\u00fasico falleci\u00f3 el mi\u00e9rcoles pasado de un infarto a los 66 a\u00f1os en Canc\u00fan (M\u00e9xico), donde ten\u00eda una de sus viviendas y disfrutaba de unas vacaciones con su familia.<\/p>\n<p><iframe loading=\"lazy\" src=\"\/\/www.youtube.com\/embed\/6k-hmEAgbLE\" width=\"420\" height=\"315\" frameborder=\"0\" allowfullscreen=\"allowfullscreen\"><\/iframe><\/p>\n","protected":false},"excerpt":{"rendered":"<p>Cientos de vecinos de Algeciras (C\u00e1diz) se acercaron desde la madrugada del s\u00e1bado para despedir al guitarrista. La ceremonia se llev\u00f3 a cabo en la Municipalidad de la ciudad. Tras haberle recordado y despedido el viernes en Madrid, la comitiva f\u00fanebre lleg\u00f3 cerca de la 1 de la madrugada a Algeciras, donde fue recibido por [&hellip;]<\/p>\n","protected":false},"author":9,"featured_media":13251,"comment_status":"closed","ping_status":"closed","sticky":false,"template":"","format":"standard","meta":{"_seopress_robots_primary_cat":"","_seopress_titles_title":"","_seopress_titles_desc":"","_seopress_robots_index":"","footnotes":""},"categories":[4],"tags":[27354,27355],"class_list":{"0":"post-13249","1":"post","2":"type-post","3":"status-publish","4":"format-standard","5":"has-post-thumbnail","7":"category-famosos","8":"tag-despedida-a-paco-de-lucia","9":"tag-muerte-de-paco-de-lucia"},"_links":{"self":[{"href":"https:\/\/www.cordobatimes.com\/showup\/wp-json\/wp\/v2\/posts\/13249","targetHints":{"allow":["GET"]}}],"collection":[{"href":"https:\/\/www.cordobatimes.com\/showup\/wp-json\/wp\/v2\/posts"}],"about":[{"href":"https:\/\/www.cordobatimes.com\/showup\/wp-json\/wp\/v2\/types\/post"}],"author":[{"embeddable":true,"href":"https:\/\/www.cordobatimes.com\/showup\/wp-json\/wp\/v2\/users\/9"}],"replies":[{"embeddable":true,"href":"https:\/\/www.cordobatimes.com\/showup\/wp-json\/wp\/v2\/comments?post=13249"}],"version-history":[{"count":0,"href":"https:\/\/www.cordobatimes.com\/showup\/wp-json\/wp\/v2\/posts\/13249\/revisions"}],"wp:featuredmedia":[{"embeddable":true,"href":"https:\/\/www.cordobatimes.com\/showup\/wp-json\/wp\/v2\/media\/13251"}],"wp:attachment":[{"href":"https:\/\/www.cordobatimes.com\/showup\/wp-json\/wp\/v2\/media?parent=13249"}],"wp:term":[{"taxonomy":"category","embeddable":true,"href":"https:\/\/www.cordobatimes.com\/showup\/wp-json\/wp\/v2\/categories?post=13249"},{"taxonomy":"post_tag","embeddable":true,"href":"https:\/\/www.cordobatimes.com\/showup\/wp-json\/wp\/v2\/tags?post=13249"}],"curies":[{"name":"wp","href":"https:\/\/api.w.org\/{rel}","templated":true}]}}