{"id":13130,"date":"2014-02-28T03:29:01","date_gmt":"2014-02-28T06:29:01","guid":{"rendered":"http:\/\/cordobatimes.com\/showup\/?p=13130"},"modified":"2023-12-21T21:02:54","modified_gmt":"2023-12-22T00:02:54","slug":"vuelve-tinelli-pero-autogestionado","status":"publish","type":"post","link":"https:\/\/www.cordobatimes.com\/showup\/tv\/2014\/02\/28\/vuelve-tinelli-pero-autogestionado\/","title":{"rendered":"Vuelve Tinelli, pero autogestionado"},"content":{"rendered":"<h3 style=\"text-align: justify;\"><strong>El Cuervo resolvi\u00f3 algunos problemitas presupuestarios internos que ten\u00eda para la realizaci\u00f3n de su programa \u00abShowmatch\u00bb y decidi\u00f3 poner dinero propio en la producci\u00f3n. <\/strong><\/h3>\n<p style=\"text-align: justify;\">Recordemos que el programa saldr\u00e1 al aire a partir de abril y con esta nueva disposici\u00f3n de \u00abautogesti\u00f3n\u00bb el conductor decide formalmente los contenidos del programa en su totalidad.<\/p>\n<p style=\"text-align: justify;\">Con la incipiente llega de \u00abEl Cabez\u00f3n\u00bb a la pantalla chica, ya \u00a0comenzaron \u00a0a hacerse las aperturas coreogr\u00e1ficas en distintos puntos del pa\u00eds (Glaciar Perito Moreno, entre otros) y ya viajar\u00e1n el lunes un grupo de productores a realizar c\u00e1maras ocultas con estrellas latinoamericanas a Brasil.<\/p>\n<p style=\"text-align: justify;\">Adem\u00e1s, Tinelli tiene pensado en el primer programa incluir imitaciones y quienes abrir\u00edan el juego del nuevo ciclo ser\u00eda nada menos que la familia presidencial dialogando con el conductor en el piso.<\/p>\n","protected":false},"excerpt":{"rendered":"<p>El Cuervo resolvi\u00f3 algunos problemitas presupuestarios internos que ten\u00eda para la realizaci\u00f3n de su programa \u00abShowmatch\u00bb y decidi\u00f3 poner dinero propio en la producci\u00f3n. Recordemos que el programa saldr\u00e1 al aire a partir de abril y con esta nueva disposici\u00f3n de \u00abautogesti\u00f3n\u00bb el conductor decide formalmente los contenidos del programa en su totalidad. Con la [&hellip;]<\/p>\n","protected":false},"author":9,"featured_media":13148,"comment_status":"closed","ping_status":"closed","sticky":false,"template":"","format":"standard","meta":{"_seopress_robots_primary_cat":"","_seopress_titles_title":"","_seopress_titles_desc":"","_seopress_robots_index":"","footnotes":""},"categories":[2],"tags":[25841,25842],"class_list":{"0":"post-13130","1":"post","2":"type-post","3":"status-publish","4":"format-standard","5":"has-post-thumbnail","7":"category-tv","8":"tag-marcelo-tinelli-showmatch","9":"tag-showmatch-ideas-del-sur"},"_links":{"self":[{"href":"https:\/\/www.cordobatimes.com\/showup\/wp-json\/wp\/v2\/posts\/13130","targetHints":{"allow":["GET"]}}],"collection":[{"href":"https:\/\/www.cordobatimes.com\/showup\/wp-json\/wp\/v2\/posts"}],"about":[{"href":"https:\/\/www.cordobatimes.com\/showup\/wp-json\/wp\/v2\/types\/post"}],"author":[{"embeddable":true,"href":"https:\/\/www.cordobatimes.com\/showup\/wp-json\/wp\/v2\/users\/9"}],"replies":[{"embeddable":true,"href":"https:\/\/www.cordobatimes.com\/showup\/wp-json\/wp\/v2\/comments?post=13130"}],"version-history":[{"count":0,"href":"https:\/\/www.cordobatimes.com\/showup\/wp-json\/wp\/v2\/posts\/13130\/revisions"}],"wp:featuredmedia":[{"embeddable":true,"href":"https:\/\/www.cordobatimes.com\/showup\/wp-json\/wp\/v2\/media\/13148"}],"wp:attachment":[{"href":"https:\/\/www.cordobatimes.com\/showup\/wp-json\/wp\/v2\/media?parent=13130"}],"wp:term":[{"taxonomy":"category","embeddable":true,"href":"https:\/\/www.cordobatimes.com\/showup\/wp-json\/wp\/v2\/categories?post=13130"},{"taxonomy":"post_tag","embeddable":true,"href":"https:\/\/www.cordobatimes.com\/showup\/wp-json\/wp\/v2\/tags?post=13130"}],"curies":[{"name":"wp","href":"https:\/\/api.w.org\/{rel}","templated":true}]}}