{"id":13126,"date":"2014-02-28T03:19:47","date_gmt":"2014-02-28T06:19:47","guid":{"rendered":"http:\/\/cordobatimes.com\/showup\/?p=13126"},"modified":"2019-11-21T13:06:35","modified_gmt":"2019-11-21T16:06:35","slug":"titi-fernandez-sufrio-un-acv","status":"publish","type":"post","link":"https:\/\/www.cordobatimes.com\/showup\/famosos\/2014\/02\/28\/titi-fernandez-sufrio-un-acv\/","title":{"rendered":"Tit\u00ed Fern\u00e1ndez sufri\u00f3 un ACV"},"content":{"rendered":"<p style=\"text-align: justify;\">\n<h3 style=\"text-align: justify;\"><strong>El reconocido conductor padeci\u00f3 un Accidente Cerebro Vascular cuando sali\u00f3 de grabar el programa 90 Minutos en Fox Sports.<\/strong><\/h3>\n<p style=\"text-align: justify;\">El periodista vivi\u00f3 el mal momento \u00a0mientas\u00a0manejaba\u00a0de regreso a su casa, se le nubl\u00f3 la vista, y\u00a0choc\u00f3 su veh\u00edculo. Por suerte, no pas\u00f3 a mayores, y fue r\u00e1pidamente asistido.<\/p>\n<p style=\"text-align: justify;\">Por estas horas, Fern\u00e1ndez se encuentra\u00a0internado en el Sanatorio Mitre, en compa\u00f1\u00eda de sus seres queridos.<\/p>\n<p style=\"text-align: justify;\">El cronista quedar\u00e1 en observaci\u00f3n durante 72 horas, y luego tendr\u00e1 que guardar reposo por unos diez d\u00edas.<\/p>\n","protected":false},"excerpt":{"rendered":"<p>El reconocido conductor padeci\u00f3 un Accidente Cerebro Vascular cuando sali\u00f3 de grabar el programa 90 Minutos en Fox Sports. El periodista vivi\u00f3 el mal momento \u00a0mientas\u00a0manejaba\u00a0de regreso a su casa, se le nubl\u00f3 la vista, y\u00a0choc\u00f3 su veh\u00edculo. Por suerte, no pas\u00f3 a mayores, y fue r\u00e1pidamente asistido. Por estas horas, Fern\u00e1ndez se encuentra\u00a0internado en [&hellip;]<\/p>\n","protected":false},"author":9,"featured_media":13146,"comment_status":"closed","ping_status":"closed","sticky":false,"template":"","format":"standard","meta":{"_seopress_robots_primary_cat":"","_seopress_titles_title":"","_seopress_titles_desc":"","_seopress_robots_index":"","footnotes":""},"categories":[4],"tags":[4259,25843],"class_list":{"0":"post-13126","1":"post","2":"type-post","3":"status-publish","4":"format-standard","5":"has-post-thumbnail","7":"category-famosos","8":"tag-accidente-de-titi-fernandez","9":"tag-titi-fernandez-acv"},"_links":{"self":[{"href":"https:\/\/www.cordobatimes.com\/showup\/wp-json\/wp\/v2\/posts\/13126","targetHints":{"allow":["GET"]}}],"collection":[{"href":"https:\/\/www.cordobatimes.com\/showup\/wp-json\/wp\/v2\/posts"}],"about":[{"href":"https:\/\/www.cordobatimes.com\/showup\/wp-json\/wp\/v2\/types\/post"}],"author":[{"embeddable":true,"href":"https:\/\/www.cordobatimes.com\/showup\/wp-json\/wp\/v2\/users\/9"}],"replies":[{"embeddable":true,"href":"https:\/\/www.cordobatimes.com\/showup\/wp-json\/wp\/v2\/comments?post=13126"}],"version-history":[{"count":0,"href":"https:\/\/www.cordobatimes.com\/showup\/wp-json\/wp\/v2\/posts\/13126\/revisions"}],"wp:featuredmedia":[{"embeddable":true,"href":"https:\/\/www.cordobatimes.com\/showup\/wp-json\/wp\/v2\/media\/13146"}],"wp:attachment":[{"href":"https:\/\/www.cordobatimes.com\/showup\/wp-json\/wp\/v2\/media?parent=13126"}],"wp:term":[{"taxonomy":"category","embeddable":true,"href":"https:\/\/www.cordobatimes.com\/showup\/wp-json\/wp\/v2\/categories?post=13126"},{"taxonomy":"post_tag","embeddable":true,"href":"https:\/\/www.cordobatimes.com\/showup\/wp-json\/wp\/v2\/tags?post=13126"}],"curies":[{"name":"wp","href":"https:\/\/api.w.org\/{rel}","templated":true}]}}