{"id":13118,"date":"2014-02-28T03:11:09","date_gmt":"2014-02-28T06:11:09","guid":{"rendered":"http:\/\/cordobatimes.com\/showup\/?p=13118"},"modified":"2019-11-21T13:11:08","modified_gmt":"2019-11-21T16:11:08","slug":"el-notero-preferido-de-la-presidenta-no-quiere-competencia","status":"publish","type":"post","link":"https:\/\/www.cordobatimes.com\/showup\/famosos\/2014\/02\/28\/el-notero-preferido-de-la-presidenta-no-quiere-competencia\/","title":{"rendered":"EL notero preferido de la Presidenta no quiere competencia"},"content":{"rendered":"<h3 style=\"text-align: justify;\"><strong>El divertido Robertito Funes fue la revelaci\u00f3n de este verano en la pantalla de C5N. \u00a0Logr\u00f3 forjarse un lugar de tanta notoriedad que la mism\u00edsima \u00a0Cristina Fern\u00e1ndez, en un acto en El Calafate, destac\u00f3 su buena onda y su elegancia.<\/strong><\/h3>\n<p style=\"text-align: justify;\">Seg\u00fan confirm\u00f3 \u00a0Primiciasya.com, las autoridades del canal lo adoran y buscan consentirlo en todos los sentidos y ya se lo considera \u00abuna figura importante de la se\u00f1al\u00bb.<\/p>\n<p style=\"text-align: justify;\">Pero, seg\u00fan trascendi\u00f3, Robertito ya se habr\u00eda subido a las nubes y habr\u00eda \u00a0pedido que no convoquen periodistas de radios, diarios o revistas que compartan g\u00e9nero con \u00e9l\u2026para ser el \u00fanico.<\/p>\n<p style=\"text-align: justify;\">Mas all\u00e1 \u00a0de \u00a0los rumores que lo involucran, el cronista ya se lo desminti\u00f3 a una fan\u00e1tica que se lo pregunt\u00f3 directamente.<\/p>\n<p style=\"text-align: justify;\">A vos, \u00bfC\u00f3mo te cae?<\/p>\n<p style=\"text-align: justify;\"><a href=\"http:\/\/cordobatimes.com\/showup\/wp-content\/uploads\/2014\/02\/robertitoooo.png\"><img loading=\"lazy\" decoding=\"async\" class=\"alignnone size-full wp-image-13142\" src=\"http:\/\/cordobatimes.com\/showup\/wp-content\/uploads\/2014\/02\/robertitoooo.png\" alt=\"robertitoooo\" width=\"507\" height=\"287\" data-id=\"13142\" srcset=\"https:\/\/www.cordobatimes.com\/showup\/wp-content\/uploads\/2014\/02\/robertitoooo.png 507w, https:\/\/www.cordobatimes.com\/showup\/wp-content\/uploads\/2014\/02\/robertitoooo-300x169.png 300w\" sizes=\"auto, (max-width: 507px) 100vw, 507px\" \/><\/a><\/p>\n<p>&nbsp;<\/p>\n","protected":false},"excerpt":{"rendered":"<p>El divertido Robertito Funes fue la revelaci\u00f3n de este verano en la pantalla de C5N. \u00a0Logr\u00f3 forjarse un lugar de tanta notoriedad que la mism\u00edsima \u00a0Cristina Fern\u00e1ndez, en un acto en El Calafate, destac\u00f3 su buena onda y su elegancia. Seg\u00fan confirm\u00f3 \u00a0Primiciasya.com, las autoridades del canal lo adoran y buscan consentirlo en todos los [&hellip;]<\/p>\n","protected":false},"author":9,"featured_media":13143,"comment_status":"closed","ping_status":"closed","sticky":false,"template":"","format":"standard","meta":{"_seopress_robots_primary_cat":"","_seopress_titles_title":"","_seopress_titles_desc":"","_seopress_robots_index":"","footnotes":""},"categories":[4],"tags":[25844,4252],"class_list":{"0":"post-13118","1":"post","2":"type-post","3":"status-publish","4":"format-standard","5":"has-post-thumbnail","7":"category-famosos","8":"tag-robertito-funes-cristina-fernandez","9":"tag-robertito-funes-ugarte"},"_links":{"self":[{"href":"https:\/\/www.cordobatimes.com\/showup\/wp-json\/wp\/v2\/posts\/13118","targetHints":{"allow":["GET"]}}],"collection":[{"href":"https:\/\/www.cordobatimes.com\/showup\/wp-json\/wp\/v2\/posts"}],"about":[{"href":"https:\/\/www.cordobatimes.com\/showup\/wp-json\/wp\/v2\/types\/post"}],"author":[{"embeddable":true,"href":"https:\/\/www.cordobatimes.com\/showup\/wp-json\/wp\/v2\/users\/9"}],"replies":[{"embeddable":true,"href":"https:\/\/www.cordobatimes.com\/showup\/wp-json\/wp\/v2\/comments?post=13118"}],"version-history":[{"count":0,"href":"https:\/\/www.cordobatimes.com\/showup\/wp-json\/wp\/v2\/posts\/13118\/revisions"}],"wp:featuredmedia":[{"embeddable":true,"href":"https:\/\/www.cordobatimes.com\/showup\/wp-json\/wp\/v2\/media\/13143"}],"wp:attachment":[{"href":"https:\/\/www.cordobatimes.com\/showup\/wp-json\/wp\/v2\/media?parent=13118"}],"wp:term":[{"taxonomy":"category","embeddable":true,"href":"https:\/\/www.cordobatimes.com\/showup\/wp-json\/wp\/v2\/categories?post=13118"},{"taxonomy":"post_tag","embeddable":true,"href":"https:\/\/www.cordobatimes.com\/showup\/wp-json\/wp\/v2\/tags?post=13118"}],"curies":[{"name":"wp","href":"https:\/\/api.w.org\/{rel}","templated":true}]}}