{"id":13099,"date":"2014-02-27T15:15:54","date_gmt":"2014-02-27T18:15:54","guid":{"rendered":"http:\/\/cordobatimes.com\/showup\/?p=13099"},"modified":"2019-11-21T13:21:17","modified_gmt":"2019-11-21T16:21:17","slug":"la-ley-y-zeta-bosio-homenajearon-a-cerati-en-vina-del-mar-video","status":"publish","type":"post","link":"https:\/\/www.cordobatimes.com\/showup\/musica\/2014\/02\/27\/la-ley-y-zeta-bosio-homenajearon-a-cerati-en-vina-del-mar-video\/","title":{"rendered":"La Ley y Zeta Bosio homenajearon a Cerati en Vi\u00f1a del Mar (Video)"},"content":{"rendered":"<h3 style=\"text-align: justify;\"><b>El conjunto musical chileno\u00a0 inaugur\u00f3 la cuarta jornada de la 55\u00b0 Edici\u00f3n del Festival, dejando m\u00e1s que conforme al p\u00fablico local con sus grandes \u00e9xitos con los que conquist\u00f3 Latinoam\u00e9rica y Estados Unidos.<\/b><\/h3>\n<p style=\"text-align: justify;\">Tras nueve a\u00f1os de estar separados, los integrantes de La Ley volvieron a reunirse sumando esta vez la colaboraci\u00f3n del ex bajista de Soda Stereo, &#8216;Zeta&#8217; Bosio.<\/p>\n<p style=\"text-align: justify;\">En medio de su actuaci\u00f3n, la banda realiz\u00f3 un sentido homenaje a Gustavo Cerati que desde mayo del 2010 se encuentra en coma.<\/p>\n<p style=\"text-align: justify;\">Bosio pidi\u00f3 al p\u00fablico chileno que prendieran sus celulares porque era una imagen que le gustaba al l\u00edder de Soda Stereo: \u00abVamos a prender los celulares para mandarle esa luz como se\u00f1al de fuerza. Mientras hay vida, va a haber esperanza. Eso nos va a mantener fuertes. Fuerza Gustavo\u00bb.<\/p>\n<p style=\"text-align: justify;\">Como no pod\u00eda ser de otra forma, la banda junto al bajista eligieron nada m\u00e1s ni nada menos para \u00abCrimen\u00bb para recordar al vocalista de Sosa St\u00e9reo.<\/p>\n<p style=\"text-align: justify;\">No te\u00a0pierdas el emocionante video.<\/p>\n<p><iframe loading=\"lazy\" src=\"\/\/www.youtube.com\/embed\/NXfflDDr8WA\" width=\"560\" height=\"315\" frameborder=\"0\" allowfullscreen=\"allowfullscreen\"><\/iframe><\/p>\n","protected":false},"excerpt":{"rendered":"<p>El conjunto musical chileno\u00a0 inaugur\u00f3 la cuarta jornada de la 55\u00b0 Edici\u00f3n del Festival, dejando m\u00e1s que conforme al p\u00fablico local con sus grandes \u00e9xitos con los que conquist\u00f3 Latinoam\u00e9rica y Estados Unidos. Tras nueve a\u00f1os de estar separados, los integrantes de La Ley volvieron a reunirse sumando esta vez la colaboraci\u00f3n del ex bajista [&hellip;]<\/p>\n","protected":false},"author":9,"featured_media":13102,"comment_status":"closed","ping_status":"closed","sticky":false,"template":"","format":"standard","meta":{"_seopress_robots_primary_cat":"","_seopress_titles_title":"","_seopress_titles_desc":"","_seopress_robots_index":"","footnotes":""},"categories":[5],"tags":[12256,25847],"class_list":{"0":"post-13099","1":"post","2":"type-post","3":"status-publish","4":"format-standard","5":"has-post-thumbnail","7":"category-musica","8":"tag-homenaje-a-gustavo-cerati-en-vina-del-mar","9":"tag-la-ley-y-zeta-bosio-homenajearon-a-cerati"},"_links":{"self":[{"href":"https:\/\/www.cordobatimes.com\/showup\/wp-json\/wp\/v2\/posts\/13099","targetHints":{"allow":["GET"]}}],"collection":[{"href":"https:\/\/www.cordobatimes.com\/showup\/wp-json\/wp\/v2\/posts"}],"about":[{"href":"https:\/\/www.cordobatimes.com\/showup\/wp-json\/wp\/v2\/types\/post"}],"author":[{"embeddable":true,"href":"https:\/\/www.cordobatimes.com\/showup\/wp-json\/wp\/v2\/users\/9"}],"replies":[{"embeddable":true,"href":"https:\/\/www.cordobatimes.com\/showup\/wp-json\/wp\/v2\/comments?post=13099"}],"version-history":[{"count":0,"href":"https:\/\/www.cordobatimes.com\/showup\/wp-json\/wp\/v2\/posts\/13099\/revisions"}],"wp:featuredmedia":[{"embeddable":true,"href":"https:\/\/www.cordobatimes.com\/showup\/wp-json\/wp\/v2\/media\/13102"}],"wp:attachment":[{"href":"https:\/\/www.cordobatimes.com\/showup\/wp-json\/wp\/v2\/media?parent=13099"}],"wp:term":[{"taxonomy":"category","embeddable":true,"href":"https:\/\/www.cordobatimes.com\/showup\/wp-json\/wp\/v2\/categories?post=13099"},{"taxonomy":"post_tag","embeddable":true,"href":"https:\/\/www.cordobatimes.com\/showup\/wp-json\/wp\/v2\/tags?post=13099"}],"curies":[{"name":"wp","href":"https:\/\/api.w.org\/{rel}","templated":true}]}}