{"id":13085,"date":"2014-02-27T15:00:06","date_gmt":"2014-02-27T18:00:06","guid":{"rendered":"http:\/\/cordobatimes.com\/showup\/?p=13085"},"modified":"2019-11-21T13:31:23","modified_gmt":"2019-11-21T16:31:23","slug":"novelas-brasileras-telefe-suma-insensato-corazon-a-su-programacion","status":"publish","type":"post","link":"https:\/\/www.cordobatimes.com\/showup\/tv\/2014\/02\/27\/novelas-brasileras-telefe-suma-insensato-corazon-a-su-programacion\/","title":{"rendered":"Novelas brasileras: Telefe suma \u00abInsensato Coraz\u00f3n\u00bb a su programaci\u00f3n (Video)"},"content":{"rendered":"<h3 style=\"text-align: justify;\"><strong>De los mismos creadores de \u201cAvenida Brasil\u00bb, el canal de las pelotas apuesta a las producciones del pa\u00eds vecino. \u00a0Enterate de qu\u00e9 se tratar\u00e1 la nueva tira.<\/strong><\/h3>\n<p style=\"text-align: justify;\">\u201cInsensato coraz\u00f3n\u201d narra la intensa relaci\u00f3n de los hermanos Pedro (Eriberto Le\u00e3o) y Leo (Gabriel Braga Nunes). Pedro es un piloto que est\u00e1 comprometido, pero se enamora de Marina (Paola Oliveira), a quien conoce durante el secuestro del avi\u00f3n en que viajaban.<\/p>\n<p style=\"text-align: justify;\">Ambos lograron dominar al secuestrador, pero no a sus sentimientos. Por gratitud, un impulso lleva a Marina a besar a Pedro, y ambos terminan involucrados emocionalmente. Sin embargo, ellos desconocen que Marina es una amiga de la novia de Pedro, Luciana (Fernanda Machado). \u00c9l, confuso con sus sentimientos, renuncia a su matrimonio con Luciana. Y por respeto a ella se aleja de Marina por un tiempo, desatando una serie de acontecimientos impredecibles.<\/p>\n<p style=\"text-align: justify;\">No te contamos m\u00e1s. mir\u00e1 el trailer de lo que se dice que ser\u00e1 \u00abel \u00e9xitos del a\u00f1o\u00bb.<\/p>\n<p><iframe loading=\"lazy\" src=\"\/\/www.youtube.com\/embed\/NoQT-YDxH0Q\" width=\"420\" height=\"315\" frameborder=\"0\" allowfullscreen=\"allowfullscreen\"><\/iframe><\/p>\n","protected":false},"excerpt":{"rendered":"<p>De los mismos creadores de \u201cAvenida Brasil\u00bb, el canal de las pelotas apuesta a las producciones del pa\u00eds vecino. \u00a0Enterate de qu\u00e9 se tratar\u00e1 la nueva tira. \u201cInsensato coraz\u00f3n\u201d narra la intensa relaci\u00f3n de los hermanos Pedro (Eriberto Le\u00e3o) y Leo (Gabriel Braga Nunes). Pedro es un piloto que est\u00e1 comprometido, pero se enamora de [&hellip;]<\/p>\n","protected":false},"author":9,"featured_media":13095,"comment_status":"closed","ping_status":"closed","sticky":false,"template":"","format":"standard","meta":{"_seopress_robots_primary_cat":"","_seopress_titles_title":"","_seopress_titles_desc":"","_seopress_robots_index":"","footnotes":""},"categories":[2],"tags":[4245,25849,25848],"class_list":{"0":"post-13085","1":"post","2":"type-post","3":"status-publish","4":"format-standard","5":"has-post-thumbnail","7":"category-tv","8":"tag-insensato-corazon","9":"tag-novelas-brasileras-insensato-corazon","10":"tag-telefe-insensato-corazon"},"_links":{"self":[{"href":"https:\/\/www.cordobatimes.com\/showup\/wp-json\/wp\/v2\/posts\/13085","targetHints":{"allow":["GET"]}}],"collection":[{"href":"https:\/\/www.cordobatimes.com\/showup\/wp-json\/wp\/v2\/posts"}],"about":[{"href":"https:\/\/www.cordobatimes.com\/showup\/wp-json\/wp\/v2\/types\/post"}],"author":[{"embeddable":true,"href":"https:\/\/www.cordobatimes.com\/showup\/wp-json\/wp\/v2\/users\/9"}],"replies":[{"embeddable":true,"href":"https:\/\/www.cordobatimes.com\/showup\/wp-json\/wp\/v2\/comments?post=13085"}],"version-history":[{"count":0,"href":"https:\/\/www.cordobatimes.com\/showup\/wp-json\/wp\/v2\/posts\/13085\/revisions"}],"wp:featuredmedia":[{"embeddable":true,"href":"https:\/\/www.cordobatimes.com\/showup\/wp-json\/wp\/v2\/media\/13095"}],"wp:attachment":[{"href":"https:\/\/www.cordobatimes.com\/showup\/wp-json\/wp\/v2\/media?parent=13085"}],"wp:term":[{"taxonomy":"category","embeddable":true,"href":"https:\/\/www.cordobatimes.com\/showup\/wp-json\/wp\/v2\/categories?post=13085"},{"taxonomy":"post_tag","embeddable":true,"href":"https:\/\/www.cordobatimes.com\/showup\/wp-json\/wp\/v2\/tags?post=13085"}],"curies":[{"name":"wp","href":"https:\/\/api.w.org\/{rel}","templated":true}]}}