{"id":12985,"date":"2014-02-26T15:59:44","date_gmt":"2014-02-26T18:59:44","guid":{"rendered":"http:\/\/cordobatimes.com\/showup\/?p=12985"},"modified":"2019-12-07T20:34:30","modified_gmt":"2019-12-07T23:34:30","slug":"lola-stagnaro-se-la-devolvio-a-luisa-kuliok-video","status":"publish","type":"post","link":"https:\/\/www.cordobatimes.com\/showup\/famosos\/2014\/02\/26\/lola-stagnaro-se-la-devolvio-a-luisa-kuliok-video\/","title":{"rendered":"Lola Stagnaro se la devolvi\u00f3 a Luisa Kuliok (Video)"},"content":{"rendered":"<h3 style=\"text-align: justify;\"><strong>La actriz cordobesa decidi\u00f3 dejar atr\u00e1s el drama de la cachetada que le proporcion\u00f3 su compa\u00f1era de elenco, pero no sin antes sacarle jugo al hecho de alguna manera.<\/strong><\/h3>\n<p style=\"text-align: justify;\">La actriz decidi\u00f3 interpretar el tema de la novela \u00abExtra\u00f1a Dama\u00bb, el tema emblem\u00e1tico de la carrera de Luisa Kuliok, y lo hizo de una manera tan asombrosa que todos los presentes aplaudieron sorprendidos.<\/p>\n<p style=\"text-align: justify;\">\u00abFue una iron\u00eda y me parece que hay que empezar a re\u00edrse un poco de las desgracias. Fue totalmente improvisado, me llamaron, yo estaba sentada mirando el desfile&#8230; Las cosas se hablaron, como deber\u00eda haber sido siempre\u00bb, explic\u00f3 Lola Stagnaro.<\/p>\n<p style=\"text-align: justify;\">\u00abLo tiene que tomar bien porque es la canci\u00f3n que la identifica de su gran \u00e9xito y es una canci\u00f3n de Valeria Lynch que he cantado toda la vida. A Luisa se lo dediqu\u00e9 con cari\u00f1o, una iron\u00eda, por lo menos doy la cara. A m\u00ed me gustar\u00eda que ella pudiese tomar la decisi\u00f3n de hacerse cargo, es parte del crecimiento de las personas. Fue un error que yo no lo provoqu\u00e9\u00bb, finaliz\u00f3.<\/p>\n<p><iframe loading=\"lazy\" src=\"\/\/www.youtube.com\/embed\/i2gLtB1Q6OM\" width=\"420\" height=\"315\" frameborder=\"0\" allowfullscreen=\"allowfullscreen\"><\/iframe><\/p>\n","protected":false},"excerpt":{"rendered":"<p>La actriz cordobesa decidi\u00f3 dejar atr\u00e1s el drama de la cachetada que le proporcion\u00f3 su compa\u00f1era de elenco, pero no sin antes sacarle jugo al hecho de alguna manera. La actriz decidi\u00f3 interpretar el tema de la novela \u00abExtra\u00f1a Dama\u00bb, el tema emblem\u00e1tico de la carrera de Luisa Kuliok, y lo hizo de una manera [&hellip;]<\/p>\n","protected":false},"author":9,"featured_media":13020,"comment_status":"closed","ping_status":"closed","sticky":false,"template":"","format":"standard","meta":{"_seopress_robots_primary_cat":"","_seopress_titles_title":"","_seopress_titles_desc":"","_seopress_robots_index":"","footnotes":""},"categories":[4],"tags":[25866],"class_list":{"0":"post-12985","1":"post","2":"type-post","3":"status-publish","4":"format-standard","5":"has-post-thumbnail","7":"category-famosos","8":"tag-lola-stagnaro-luisa-kuliok"},"_links":{"self":[{"href":"https:\/\/www.cordobatimes.com\/showup\/wp-json\/wp\/v2\/posts\/12985","targetHints":{"allow":["GET"]}}],"collection":[{"href":"https:\/\/www.cordobatimes.com\/showup\/wp-json\/wp\/v2\/posts"}],"about":[{"href":"https:\/\/www.cordobatimes.com\/showup\/wp-json\/wp\/v2\/types\/post"}],"author":[{"embeddable":true,"href":"https:\/\/www.cordobatimes.com\/showup\/wp-json\/wp\/v2\/users\/9"}],"replies":[{"embeddable":true,"href":"https:\/\/www.cordobatimes.com\/showup\/wp-json\/wp\/v2\/comments?post=12985"}],"version-history":[{"count":0,"href":"https:\/\/www.cordobatimes.com\/showup\/wp-json\/wp\/v2\/posts\/12985\/revisions"}],"wp:featuredmedia":[{"embeddable":true,"href":"https:\/\/www.cordobatimes.com\/showup\/wp-json\/wp\/v2\/media\/13020"}],"wp:attachment":[{"href":"https:\/\/www.cordobatimes.com\/showup\/wp-json\/wp\/v2\/media?parent=12985"}],"wp:term":[{"taxonomy":"category","embeddable":true,"href":"https:\/\/www.cordobatimes.com\/showup\/wp-json\/wp\/v2\/categories?post=12985"},{"taxonomy":"post_tag","embeddable":true,"href":"https:\/\/www.cordobatimes.com\/showup\/wp-json\/wp\/v2\/tags?post=12985"}],"curies":[{"name":"wp","href":"https:\/\/api.w.org\/{rel}","templated":true}]}}